{"id":185191,"date":"2021-07-12T17:24:25","date_gmt":"2021-07-12T20:24:25","guid":{"rendered":"https:\/\/diarioregionaldigital.com.br\/?p=185191"},"modified":"2021-07-12T17:24:25","modified_gmt":"2021-07-12T20:24:25","slug":"alunos-do-9o-ano-e-do-3o-ano-do-ensino-medio-retornam-as-aulas-presenciais","status":"publish","type":"post","link":"https:\/\/diarioregionaldigital.com.br\/?p=185191","title":{"rendered":"Alunos do 9\u00ba ano e do 3\u00ba ano do ensino m\u00e9dio retornam \u00e0s aulas presenciais"},"content":{"rendered":"<p>A retomada das atividades presenciais nas escolas da rede p\u00fablica estadual de ensino de Minas Gerais tem continuidade a partir desta segunda-feira (12\/7).<\/p>\n<p>A data marca a volta \u00e0s salas de aula de alunos do 1\u00ba ao 5\u00ba ano do ensino fundamental de escolas localizadas em munic\u00edpios na onda vermelha do<a href=\"https:\/\/www.mg.gov.br\/minasconsciente\" target=\"_blank\" rel=\"noopener\">\u00a0plano Minas Consciente<\/a>. Tamb\u00e9m est\u00e3o retornando aos pr\u00e9dios escolares alunos do 9\u00ba ano do ensino fundamental e do 3\u00ba ano do ensino m\u00e9dio de unidades de ensino localizadas em munic\u00edpios que est\u00e3o na onda amarela ou verde.<\/p>\n<p>Todas as unidades de ensino que est\u00e3o retomando as atividades presenciais est\u00e3o localizadas em munic\u00edpios em que as prefeituras n\u00e3o apresentaram nenhuma restri\u00e7\u00e3o ao retorno.<\/p>\n<p>A\u00a0<a href=\"https:\/\/www2.educacao.mg.gov.br\/\" target=\"_blank\" rel=\"noopener\">Secretaria Estadual de Educa\u00e7\u00e3o (SEE-MG)<\/a>\u00a0ressalta que o processo de retomada est\u00e1 sendo feito com todo cuidado, seguran\u00e7a e respeitando rigorosamente os protocolos sanit\u00e1rios da\u00a0<a href=\"https:\/\/www.saude.mg.gov.br\/\" target=\"_blank\" rel=\"noopener\">Secretaria de Estado de Sa\u00fade (SES-MG)<\/a>.<\/p>\n<p>Vale sempre lembrar que o retorno das escolas da rede estadual de Minas \u00e9 seguro, gradual, h\u00edbrido, facultativo e foi planejado, com todo o cuidado, para garantir o cumprimento dos protocolos sanit\u00e1rios e transmitir a seguran\u00e7a e confian\u00e7a necess\u00e1rias a alunos, funcion\u00e1rios, pais e respons\u00e1veis.<\/p>\n<p>\u201cA SEE j\u00e1 vem planejando a retomada das atividades presenciais desde o ano passado. \u00c9 muito importante que os estudantes recuperem o v\u00ednculo com a escola. Eles ir\u00e3o iniciar as atividades e ter\u00e3o refor\u00e7o ao que v\u00eam aprendendo no ensino remoto. A partir de agora, a cada 14 dias, avaliaremos a possibilidade de retorno de mais um ano de escolaridade&#8221;, destaca a subsecret\u00e1ria de Desenvolvimento da Educa\u00e7\u00e3o B\u00e1sica, Izabella Cavalcante Martins.<\/p>\n<p><strong>Refor\u00e7o no ensino m\u00e9dio<\/strong><\/p>\n<p>Na Escola Estadual Oswaldo Lucas Mendes, em Taiobeiras, retomaram \u00e0s atividades presenciais os alunos do 3\u00ba ano do ensino m\u00e9dio. Muitos dos estudantes est\u00e3o se preparando para o Exame Nacional do Ensino M\u00e9dio (Enem), como \u00e9 o caso da aluna Fabiana Braga. \u201cAchei o retorno das aulas bom. Vai me ajudar no Enem e estamos tendo mais um suporte com as atividades\u201d, destaca a estudante.<\/p>\n<p>Josiely Barbosa conta que vai aproveitar os momentos presenciais para tirar d\u00favidas. \u201cEstou me preparando para o Enem e esse retorno presencial \u00e9 importante para me ajudar a esclarecer algumas d\u00favidas\u201d, afirma.<\/p>\n<p>Outra aluna do 3\u00ba ano do ensino m\u00e9dio, Camily Brito diz o que achou do primeiro dia na escola. \u201cEstou achando o retorno muito bom para melhorar minha aprendizagem. Est\u00e1 tudo muito perfeito\u201d.<\/p>\n<p>J\u00e1 Clara Machado ressalta que a escola est\u00e1 segura e seguindo os protocolos. \u201cEst\u00e1 tudo bem demarcado. Todos usando m\u00e1scara e seguindo as regras de distanciamento\u201d.<\/p>\n<p><strong>Ansiedade<\/strong><\/p>\n<p>Antes do retorno das atividades presenciais na Escola Estadual Jos\u00e9 Gomes Junqueira, em Uberl\u00e2ndia, foi realizada uma reuni\u00e3o com pais e alunos sobre retomada e \u00a0protocolos implementados na escola.<\/p>\n<p>Hoje, ao chegar na unidade, a aluna do 9\u00ba ano do ensino fundamental, Maria Isabel Barros Moreira Nerim, ficou surpresa com as mudan\u00e7as. \u201cA \u00faltima vez que tinha entrado na escola foi no in\u00edcio do ano passado. Agora est\u00e1 bem diferente. Logo na entrada temos que fazer uma fila, t\u00eam marca\u00e7\u00f5es no ch\u00e3o, \u00e1lcool em gel para todos os lados. D\u00e1 para ver que est\u00e3o tomando todos os cuidados e que a escola est\u00e1 cuidando de n\u00f3s\u201d, afirma.<\/p>\n<p>J\u00e1 Beatriz Silva Costa fala da ansiedade para voltar \u00e0 escola. \u201cEssa noite eu n\u00e3o dormi. Queria muito voltar e encontrar os professores e colegas. Eu estava conseguindo estudar no ensino remoto, mas presencial \u00e9 bem melhor\u201d, destaca a aluna do 9\u00ba ano do ensino fundamental.<\/p>\n<p>A rotina das atividades presenciais tamb\u00e9m fez falta para Sofia Fernandes, aluna do 9\u00ba ano do ensino fundamental. \u201cMinha expectativa \u00e9 que esse retorno seja muito bom. Estava sentindo falta de tudo. Foi bem dif\u00edcil me acostumar com a dist\u00e2ncia\u201d, conta.<\/p>\n<p><strong>Seguran\u00e7a<\/strong><\/p>\n<p>N\u00e3o s\u00f3 os alunos estavam ansiosos pelo retorno. Na Escola Estadual Doutor Jos\u00e9 Americano Mendes, em Taiobeiras, o professor de matem\u00e1tica, H\u00e9lio Joaquim da Silva, tamb\u00e9m estava torcendo para o in\u00edcio das atividades presenciais. \u201cEssa retomada ser\u00e1 o pontap\u00e9 para o rein\u00edcio. Fazia muito tempo que n\u00e3o v\u00edamos essas carinhas por aqui. Est\u00e1vamos muito ansiosos para esse dia chegar. Sabemos que ainda requer muito cuidado, mas percebemos que a SEE\/MG tem tido uma preocupa\u00e7\u00e3o muito s\u00e9ria em rela\u00e7\u00e3o aos protocolos. A escola fez todas as adequa\u00e7\u00f5es necess\u00e1rias\u201d, ressalta.<\/p>\n<p>Este \u00e9 o primeiro ano do aluno Isac Silveira Cruz, do 9\u00ba ano do ensino fundamental, na escola. Ele fala sobre a impress\u00e3o que teve. \u201cEu j\u00e1 achava que ia estar tudo bem organizado, mas me surpreendi porque est\u00e1 melhor do que esperava. Estou me sentindo muito seguro aqui na escola\u201d.<\/p>\n<p>P\u00e9rola Morais Freitas tamb\u00e9m aprovou as adequa\u00e7\u00f5es realizadas pela unidade de ensino. \u201cA escola est\u00e1 bem sinalizada, todo mundo usando m\u00e1scara e respeitando o distanciamento. Tamb\u00e9m tem estoque de \u00e1lcool em gel em todas as partes\u201d.<\/p>\n<p><strong>Munic\u00edpios na onda vermelha<\/strong><\/p>\n<p>A amplia\u00e7\u00e3o da retomada das atividades presenciais nas escolas estaduais inclui tamb\u00e9m munic\u00edpios que se encontram na onda vermelha do plano Minas Consciente. Nestas unidades, voltam para as salas de aula alunos do 1\u00ba ao 5\u00ba ano do ensino fundamental. Em Belo Horizonte, uma das unidades de ensino que recebeu os estudantes \u00e9 a Escola Estadual Professor Batista Santiago.<\/p>\n<p>A professora Franciele Aparecida Nepomuceno, regente de turma do 4\u00ba ano, descreve o reencontro com os estudantes. \u201c\u00c9 muito satisfat\u00f3rio e estou muito feliz em rever os alunos. Para n\u00f3s esse contato \u00e9 muito importante e sabemos que a atividade presencial estava fazendo falta para os alunos tamb\u00e9m. Estou bastante otimista e sei que, tomando todos os cuidados, vai dar tudo certo\u201d.<\/p>\n<p><strong>Ensino h\u00edbrido<\/strong><\/p>\n<p>No modelo de ensino h\u00edbrido implementado pela SEE\/MG h\u00e1 altern\u00e2ncia entre o atendimento presencial e o remoto.<\/p>\n<p>Em uma semana, os estudantes participam de atividades na escola e, na semana seguinte, as unidades de ensino n\u00e3o t\u00eam atividades presenciais e os professores fazem o atendimento pelo aplicativo Conex\u00e3o Escola.<\/p>\n<p>J\u00e1 na outra semana, as atividades voltam a ser presenciais e assim por diante.<\/p>\n<p>Todas as escolas aplicaram um checklist criterioso para o cumprimento dos protocolos sanit\u00e1rios, garantindo o distanciamento necess\u00e1rio, os cuidados com a limpeza do local e a disponibiliza\u00e7\u00e3o de itens de prote\u00e7\u00e3o individual, limpeza e higiene.<\/p>\n<p>As atividades pedag\u00f3gicas presenciais est\u00e3o sendo ministradas com o objetivo de fortalecer a aprendizagem de acordo com a necessidade da turma.<\/p>\n<p>Durante as atividades presenciais, o estudante tem a oportunidade de interagir e compartilhar os conhecimentos alcan\u00e7ados durante o Regime de Estudo n\u00e3o Presencial e obter suporte pedag\u00f3gico para desenvolver as habilidades ainda n\u00e3o consolidadas.<\/p>\n<p>Mesmo com as atividades presenciais, o Regime de Estudo n\u00e3o Presencial continua sendo disponibilizado pela Secretaria de Estado de Educa\u00e7\u00e3o de Minas Gerais aos estudantes.<\/p>\n<p><strong>Estudo presencial<\/strong><\/p>\n<p>Para verificar quais unidades de ensino est\u00e3o com as atividades presenciais autorizadas basta acessar o site da SEE\/MG:\u00a0<a href=\"https:\/\/www2.educacao.mg.gov.br\/\" target=\"_blank\" rel=\"noopener\">www.educacao.mg.gov.br<\/a>.<\/p>\n<p>Na aba destinada \u00e0 retomada est\u00e1 dispon\u00edvel a listagem de munic\u00edpios e escolas autorizadas a retomarem as atividades pedag\u00f3gicas presenciais.<\/p>\n<p>\u00c9 importante lembrar tamb\u00e9m que o contato com a dire\u00e7\u00e3o da escola \u00e9 fundamental para todos os esclarecimentos necess\u00e1rios.<\/p>\n<p><a href=\"https:\/\/www2.educacao.mg.gov.br\/mapa-do-site\/parceiro\/retomada-das-atividades-presenciais\" target=\"_blank\" rel=\"noopener\">Clique aqui\u00a0<\/a>para acessar a lista.<\/p>\n<p><span style=\"font-weight: 400;\"><br \/>\n<\/span><span style=\"font-weight: 400;\">Fonte: Ag\u00eancia Minas<\/span><span style=\"font-weight: 400;\"><br \/>\n<\/span><\/p>\n","protected":false},"excerpt":{"rendered":"<p>A retomada das atividades presenciais nas escolas da rede p\u00fablica estadual de ensino de Minas Gerais tem continuidade a partir desta segunda-feira (12\/7). A data marca a volta \u00e0s salas de aula de alunos do 1\u00ba ao 5\u00ba ano do ensino fundamental de escolas localizadas em munic\u00edpios na onda vermelha do\u00a0plano Minas Consciente. Tamb\u00e9m est\u00e3o [&hellip;]<\/p>\n","protected":false},"author":246,"featured_media":185192,"comment_status":"closed","ping_status":"closed","sticky":false,"template":"","format":"standard","meta":{"footnotes":""},"categories":[436,254,439],"tags":[],"class_list":["post-185191","post","type-post","status-publish","format-standard","has-post-thumbnail","hentry","category-destaque-da-semana","category-politica","category-ultima-hora"],"_links":{"self":[{"href":"https:\/\/diarioregionaldigital.com.br\/index.php?rest_route=\/wp\/v2\/posts\/185191","targetHints":{"allow":["GET"]}}],"collection":[{"href":"https:\/\/diarioregionaldigital.com.br\/index.php?rest_route=\/wp\/v2\/posts"}],"about":[{"href":"https:\/\/diarioregionaldigital.com.br\/index.php?rest_route=\/wp\/v2\/types\/post"}],"author":[{"embeddable":true,"href":"https:\/\/diarioregionaldigital.com.br\/index.php?rest_route=\/wp\/v2\/users\/246"}],"replies":[{"embeddable":true,"href":"https:\/\/diarioregionaldigital.com.br\/index.php?rest_route=%2Fwp%2Fv2%2Fcomments&post=185191"}],"version-history":[{"count":1,"href":"https:\/\/diarioregionaldigital.com.br\/index.php?rest_route=\/wp\/v2\/posts\/185191\/revisions"}],"predecessor-version":[{"id":185193,"href":"https:\/\/diarioregionaldigital.com.br\/index.php?rest_route=\/wp\/v2\/posts\/185191\/revisions\/185193"}],"wp:featuredmedia":[{"embeddable":true,"href":"https:\/\/diarioregionaldigital.com.br\/index.php?rest_route=\/wp\/v2\/media\/185192"}],"wp:attachment":[{"href":"https:\/\/diarioregionaldigital.com.br\/index.php?rest_route=%2Fwp%2Fv2%2Fmedia&parent=185191"}],"wp:term":[{"taxonomy":"category","embeddable":true,"href":"https:\/\/diarioregionaldigital.com.br\/index.php?rest_route=%2Fwp%2Fv2%2Fcategories&post=185191"},{"taxonomy":"post_tag","embeddable":true,"href":"https:\/\/diarioregionaldigital.com.br\/index.php?rest_route=%2Fwp%2Fv2%2Ftags&post=185191"}],"curies":[{"name":"wp","href":"https:\/\/api.w.org\/{rel}","templated":true}]}}