{"id":185188,"date":"2021-07-12T17:21:56","date_gmt":"2021-07-12T20:21:56","guid":{"rendered":"https:\/\/diarioregionaldigital.com.br\/?p=185188"},"modified":"2021-07-12T17:21:56","modified_gmt":"2021-07-12T20:21:56","slug":"comissao-de-orcamento-aprova-relatorio-preliminar-da-ldo-mas-deficit-preocupa-parlamentares","status":"publish","type":"post","link":"https:\/\/diarioregionaldigital.com.br\/?p=185188","title":{"rendered":"Comiss\u00e3o de Or\u00e7amento aprova relat\u00f3rio preliminar da LDO, mas d\u00e9ficit preocupa parlamentares"},"content":{"rendered":"<p>A <span id=\"4053\" class=\"termoGlossario\" title=\"\" contenteditable=\"false\" data-toggle=\"tooltip\" data-placement=\"top\" data-original-title=\"Comiss\u00e3o de deputados e senadores respons\u00e1vel pela an\u00e1lise das propostas or\u00e7ament\u00e1rias elaboradas pelo Executivo: Lei de Diretrizes Or\u00e7ament\u00e1rias (LDO), Lei Or\u00e7ament\u00e1ria Anual (LOA) e Plano Plurianual (PPA).\">Comiss\u00e3o Mista de Or\u00e7amento<\/span> aprovou nesta segunda-feira (12) o relat\u00f3rio preliminar da <span id=\"4066\" class=\"termoGlossario\" title=\"\" contenteditable=\"false\" data-toggle=\"tooltip\" data-placement=\"top\" data-original-title=\"Lei que orienta a elabora\u00e7\u00e3o do or\u00e7amento do ano seguinte. Cont\u00e9m informa\u00e7\u00f5es sobre as metas e prioridades dos tr\u00eas poderes (Executivo, Legislativo e Judici\u00e1rio) e do Minist\u00e9rio P\u00fablico da Uni\u00e3o. Tamb\u00e9m define a meta fiscal para o ano seguinte. \u00c9 elaborada pelo Executivo e aprovada pelo Congresso Nacional.\">Lei de Diretrizes Or\u00e7ament\u00e1rias<\/span> de 2021 (LDO &#8211; <a href=\"https:\/\/www.camara.leg.br\/noticias\/747261-LDO-2022-PREVE-SALARIO-MINIMO-DE-R$-1.147-E-DEFICIT-DE-R$-170-BILHOES-NAS-CONTAS-PUBLICAS\">PLN 3\/21<\/a>), que determina as metas e prioridades para os gastos do governo no ano que vem. Com isso, j\u00e1 podem ser apresentadas <span id=\"4028\" class=\"termoGlossario\" title=\"\" contenteditable=\"false\" data-toggle=\"tooltip\" data-placement=\"top\" data-original-title=\"Proposta para alterar, no todo ou em parte, o texto de um projeto de lei submetido \u00e0 discuss\u00e3o ou vota\u00e7\u00e3o.\">emendas<\/span> ao texto da LDO.<\/p>\n<p>De acordo com o relat\u00f3rio do deputado <a href=\"https:\/\/www.camara.leg.br\/deputados\/178886\">Juscelino Filho (DEM-MA)<\/a>, cada deputado ou senador poder\u00e1 apresentar at\u00e9 tr\u00eas emendas ao Anexo de Prioridades e Metas da LDO. Bancadas estaduais do Congresso e comiss\u00f5es permanentes da C\u00e2mara dos Deputados ou do Senado tamb\u00e9m podem apresentar at\u00e9 tr\u00eas emendas cada. O prazo para apresenta\u00e7\u00e3o de emendas vai at\u00e9 quarta-feira (14), ao meio-dia.<\/p>\n<p><strong>D\u00e9ficit<\/strong><br \/>\nO relat\u00f3rio preliminar tamb\u00e9m apresenta uma avalia\u00e7\u00e3o dos par\u00e2metros econ\u00f4micos e das proje\u00e7\u00f5es da LDO para o ano que vem. &#8220;Apresentamos a conjuntura macroecon\u00f4mica com foco no cen\u00e1rio fiscal, acreditando na recupera\u00e7\u00e3o da economia em 2022. Mas estamos atentos ao delicado momento do cen\u00e1rio social que ainda perdura&#8221;, reconheceu Juscelino Filho.<\/p>\n<p>Na vota\u00e7\u00e3o do relat\u00f3rio, deputados e senadores declararam preocupa\u00e7\u00e3o com o d\u00e9ficit nas contas p\u00fablicas, que chega a R$ 177,5 bilh\u00f5es \u2013 R$ 170,47 bilh\u00f5es do governo federal, R$ 4,42 bilh\u00f5es das estatais e R$ 2,6 bilh\u00f5es de estados e munic\u00edpios.<\/p>\n<p>O senador Oriovisto Guimar\u00e3es (Pode-PR) disse que o d\u00e9ficit \u00e9 respons\u00e1vel pela alta cota\u00e7\u00e3o do d\u00f3lar e pela acelera\u00e7\u00e3o da infla\u00e7\u00e3o. &#8220;O mercado j\u00e1 espera d\u00e9ficit, mas uma hora a conta vai estourar. Temos de dar uma perspectiva de quando o d\u00e9ficit prim\u00e1rio vai acabar&#8221;, apontou. Oriovisto Guimar\u00e3es recomendou cuidado com as emendas. &#8220;N\u00e3o temos dinheiro para nada. Ano que vem \u00e9 ano eleitoral, e n\u00e3o podemos permitir irresponsabilidade.&#8221;<\/p>\n<p>O deputado <a href=\"https:\/\/www.camara.leg.br\/deputados\/178884\">Hildo Rocha (MDB-MA)<\/a>\u00a0sugeriu uma audi\u00eancia p\u00fablica para discutir a situa\u00e7\u00e3o do Benef\u00edcio de Presta\u00e7\u00e3o Continuada (<span id=\"4328\" class=\"termoGlossario\" title=\"\" contenteditable=\"false\" data-toggle=\"tooltip\" data-placement=\"top\" data-original-title=\"Benef\u00edcio no valor de um sal\u00e1rio m\u00ednimo pago mensalmente a idosos com 65 anos ou mais e a portadores de defici\u00eancia incapacitados para a vida independente e para o trabalho. Em ambos os casos, o beneficiado deve pertencer a fam\u00edlia com renda inferior a 1\/4 do sal\u00e1rio m\u00ednimo por pessoa.\">BPC<\/span>) e da Previd\u00eancia. &#8220;A reforma previdenci\u00e1ria pouco colaborou para redu\u00e7\u00e3o do d\u00e9ficit&#8221;, lamentou o parlamentar.<\/p>\n<p>Para o BPC, a proje\u00e7\u00e3o \u00e9 que haja um total de 4,9 milh\u00f5es de benefici\u00e1rios em dezembro de 2022, levando o gasto a R$ 69,2 bilh\u00f5es no ano que vem. Hildo Rocha notou que ainda h\u00e1 710 mil requerimentos de BPC que n\u00e3o foram avaliados. &#8220;Essas pessoas que est\u00e3o esperando v\u00e3o judicializar, e vai aumentar a quantidade de processos na primeira inst\u00e2ncia&#8221;, alertou o deputado.<\/p>\n<p><strong>Sugest\u00f5es<\/strong><br \/>\nO deputado <a href=\"https:\/\/www.camara.leg.br\/deputados\/74537\">Claudio Cajado (PP-BA)<\/a> defendeu a transfer\u00eancia de recursos a munic\u00edpios de at\u00e9 50 mil habitantes que estejam inadimplentes em cadastros ou sistemas de informa\u00e7\u00f5es financeiras, cont\u00e1beis e fiscais. &#8220;Muitos est\u00e3o inadimplentes por causa da pandemia&#8221;, argumentou. Esse dispositivo j\u00e1 constava no PLN 2\/21, que alterava a LDO deste ano; foi <span id=\"4485\" class=\"termoGlossario\" title=\"\" contenteditable=\"false\" data-toggle=\"tooltip\" data-placement=\"top\" data-original-title=\"Ocorre quando o presidente da Rep\u00fablica recusa, totalmente ou em parte, projeto aprovado pelo Congresso Nacional. Para que o veto seja derrubado, e o projeto se torne lei, s\u00e3o precisos os votos de 257 deputados e 41 senadores.\">vetado<\/span> pelo presidente Jair Bolsonaro, por\u00e9m depois restabelecido pelo Congresso ap\u00f3s a derrubada do veto.<\/p>\n<p>Claudio Cajado ainda considera necess\u00e1rio discutir os crit\u00e9rios para as emendas de relator ao Or\u00e7amento 2022, conhecidas como RP9. &#8220;Houve grande problema, inclusive com parte da m\u00eddia dizendo que tinha or\u00e7amento secreto para beneficiar parlamentares. O pr\u00f3prio governo admite a necessidade das emendas de relator, mas estamos tendo grande problema de concentrar o poder em uma \u00fanica pessoa, mesmo que haja depois a vota\u00e7\u00e3o na Comiss\u00e3o Mista de Or\u00e7amento&#8221;, disse.<\/p>\n<p>Hildo Rocha sugeriu que uma parcela dos recursos do Fundo de Amparo ao Trabalhador (<span id=\"4189\" class=\"termoGlossario\" title=\"\" contenteditable=\"false\" data-toggle=\"tooltip\" data-placement=\"top\" data-original-title=\"Fundo vinculado ao Minist\u00e9rio do Trabalho e Emprego, constitu\u00eddo principalmente com recursos do PIS\/Pasep. Destina-se ao custeio do Programa do Seguro-Desemprego, do Abono Salarial e ao financiamento de Programas de Desenvolvimento Econ\u00f4mico. Assim, o FAT busca proteger o trabalhador desempregado e gerar oportunidades de emprego e renda. O fundo \u00e9 gerido por um conselho deliberativo composto por representantes de trabalhadores, empregadores e governo.\">FAT<\/span>) seja utilizada para financiar pequenas e m\u00e9dias empresas. &#8220;Boa parte do FAT que vai para o <span id=\"4309\" class=\"termoGlossario\" title=\"\" contenteditable=\"false\" data-toggle=\"tooltip\" data-placement=\"top\" data-original-title=\"Banco federal que disponibiliza linhas de financiamento de longo prazo para empresas, com taxas de juros especiais. \u00c9 o principal agente financiador, entre os bancos, de projetos de infraestrutura.\">BNDES<\/span> n\u00e3o tem transpar\u00eancia. O dinheiro do FAT, que \u00e9 do trabalhador, n\u00e3o volta para o trabalhador. Deveria ir para as pequenas e m\u00e9dias empresas, mas oferece subs\u00eddio para grandes empresas que n\u00e3o precisam.&#8221;<\/p>\n<p>O senador Wellington Fagundes (PL-MT) pediu prioridade para o financiamento de pesquisas, com o objetivo de fabricar vacinas brasileiras. Ele ainda prop\u00f4s normas para destina\u00e7\u00e3o de recursos a munic\u00edpios com obras inacabadas. &#8220;\u00c9 revoltante saber que temos mais de 2 mil creches inacabadas. Onde tem munic\u00edpio com creche inacabada, n\u00e3o podemos abrir recursos para novas obras da mesma natureza. Isso significa desperd\u00edcio do dinheiro p\u00fablico.&#8221;<\/p>\n<p>Fonte: Ag\u00eancia C\u00e2mara de Not\u00edcias<\/p>\n","protected":false},"excerpt":{"rendered":"<p>A Comiss\u00e3o Mista de Or\u00e7amento aprovou nesta segunda-feira (12) o relat\u00f3rio preliminar da Lei de Diretrizes Or\u00e7ament\u00e1rias de 2021 (LDO &#8211; PLN 3\/21), que determina as metas e prioridades para os gastos do governo no ano que vem. Com isso, j\u00e1 podem ser apresentadas emendas ao texto da LDO. De acordo com o relat\u00f3rio do [&hellip;]<\/p>\n","protected":false},"author":246,"featured_media":185189,"comment_status":"closed","ping_status":"closed","sticky":false,"template":"","format":"standard","meta":{"footnotes":""},"categories":[436,254,439],"tags":[],"class_list":["post-185188","post","type-post","status-publish","format-standard","has-post-thumbnail","hentry","category-destaque-da-semana","category-politica","category-ultima-hora"],"_links":{"self":[{"href":"https:\/\/diarioregionaldigital.com.br\/index.php?rest_route=\/wp\/v2\/posts\/185188","targetHints":{"allow":["GET"]}}],"collection":[{"href":"https:\/\/diarioregionaldigital.com.br\/index.php?rest_route=\/wp\/v2\/posts"}],"about":[{"href":"https:\/\/diarioregionaldigital.com.br\/index.php?rest_route=\/wp\/v2\/types\/post"}],"author":[{"embeddable":true,"href":"https:\/\/diarioregionaldigital.com.br\/index.php?rest_route=\/wp\/v2\/users\/246"}],"replies":[{"embeddable":true,"href":"https:\/\/diarioregionaldigital.com.br\/index.php?rest_route=%2Fwp%2Fv2%2Fcomments&post=185188"}],"version-history":[{"count":1,"href":"https:\/\/diarioregionaldigital.com.br\/index.php?rest_route=\/wp\/v2\/posts\/185188\/revisions"}],"predecessor-version":[{"id":185190,"href":"https:\/\/diarioregionaldigital.com.br\/index.php?rest_route=\/wp\/v2\/posts\/185188\/revisions\/185190"}],"wp:featuredmedia":[{"embeddable":true,"href":"https:\/\/diarioregionaldigital.com.br\/index.php?rest_route=\/wp\/v2\/media\/185189"}],"wp:attachment":[{"href":"https:\/\/diarioregionaldigital.com.br\/index.php?rest_route=%2Fwp%2Fv2%2Fmedia&parent=185188"}],"wp:term":[{"taxonomy":"category","embeddable":true,"href":"https:\/\/diarioregionaldigital.com.br\/index.php?rest_route=%2Fwp%2Fv2%2Fcategories&post=185188"},{"taxonomy":"post_tag","embeddable":true,"href":"https:\/\/diarioregionaldigital.com.br\/index.php?rest_route=%2Fwp%2Fv2%2Ftags&post=185188"}],"curies":[{"name":"wp","href":"https:\/\/api.w.org\/{rel}","templated":true}]}}