{"id":185185,"date":"2021-07-12T17:18:37","date_gmt":"2021-07-12T20:18:37","guid":{"rendered":"https:\/\/diarioregionaldigital.com.br\/?p=185185"},"modified":"2021-07-12T17:18:37","modified_gmt":"2021-07-12T20:18:37","slug":"lira-afirma-que-a-carga-tributaria-sobre-a-renda-pode-ser-reduzida-em-r-50-bi","status":"publish","type":"post","link":"https:\/\/diarioregionaldigital.com.br\/?p=185185","title":{"rendered":"Lira afirma que a carga tribut\u00e1ria sobre a renda pode ser reduzida em R$ 50 bi"},"content":{"rendered":"<p>O presidente da C\u00e2mara dos Deputados, <a href=\"https:\/\/www.camara.leg.br\/deputados\/160541\">Arthur Lira (PP-AL)<\/a>, afirmou que o relator da reforma tribut\u00e1ria, deputado <a href=\"https:\/\/www.camara.leg.br\/deputados\/204496\">Celso Sabino (PSDB-PA)<\/a>, estuda reduzir em R$ 50 bilh\u00f5es a carga tribut\u00e1ria sobre a renda do capital produtivo e dos trabalhadores. Sabino \u00e9 o relator do projeto de lei que trata das altera\u00e7\u00f5es de cobran\u00e7a no Imposto de Renda de pessoas f\u00edsicas e jur\u00eddicas e da tributa\u00e7\u00e3o de lucros e dividendos (<a class=\"linkProposicao\" href=\"https:\/\/www.camara.leg.br\/noticias\/778071-proposta-atualiza-tabela-do-ir-mas-limita-desconto-simplificado\">PL 2337\/21<\/a>). Outro projeto, cujo relator \u00e9 o deputado <a href=\"https:\/\/www.camara.leg.br\/deputados\/204485\">Luiz Carlos Motta (PL-SP)<\/a>, cria a CBS, com al\u00edquota de 12%, em substitui\u00e7\u00e3o ao Programa de Integra\u00e7\u00e3o Social-PIS e \u00e0 Contribui\u00e7\u00e3o para Financiamento da Seguridade Social-Cofins.<\/p>\n<p>\u201cA C\u00e2mara dos Deputados entregar\u00e1 uma reforma estruturante do Imposto de Renda, que promover\u00e1 uma grande gera\u00e7\u00e3o de emprego e renda nos pr\u00f3ximos anos. Faremos justi\u00e7a fiscal e simplifica\u00e7\u00e3o do sistema tribut\u00e1rio\u201d, afirmou Lira por meio de suas redes sociais.<\/p>\n<p>Fonte: Ag\u00eancia C\u00e2mara de Not\u00edcias<\/p>\n","protected":false},"excerpt":{"rendered":"<p>O presidente da C\u00e2mara dos Deputados, Arthur Lira (PP-AL), afirmou que o relator da reforma tribut\u00e1ria, deputado Celso Sabino (PSDB-PA), estuda reduzir em R$ 50 bilh\u00f5es a carga tribut\u00e1ria sobre a renda do capital produtivo e dos trabalhadores. Sabino \u00e9 o relator do projeto de lei que trata das altera\u00e7\u00f5es de cobran\u00e7a no Imposto de [&hellip;]<\/p>\n","protected":false},"author":246,"featured_media":185186,"comment_status":"closed","ping_status":"closed","sticky":false,"template":"","format":"standard","meta":{"footnotes":""},"categories":[440,254,439],"tags":[],"class_list":["post-185185","post","type-post","status-publish","format-standard","has-post-thumbnail","hentry","category-destaques-do-dia","category-politica","category-ultima-hora"],"_links":{"self":[{"href":"https:\/\/diarioregionaldigital.com.br\/index.php?rest_route=\/wp\/v2\/posts\/185185","targetHints":{"allow":["GET"]}}],"collection":[{"href":"https:\/\/diarioregionaldigital.com.br\/index.php?rest_route=\/wp\/v2\/posts"}],"about":[{"href":"https:\/\/diarioregionaldigital.com.br\/index.php?rest_route=\/wp\/v2\/types\/post"}],"author":[{"embeddable":true,"href":"https:\/\/diarioregionaldigital.com.br\/index.php?rest_route=\/wp\/v2\/users\/246"}],"replies":[{"embeddable":true,"href":"https:\/\/diarioregionaldigital.com.br\/index.php?rest_route=%2Fwp%2Fv2%2Fcomments&post=185185"}],"version-history":[{"count":1,"href":"https:\/\/diarioregionaldigital.com.br\/index.php?rest_route=\/wp\/v2\/posts\/185185\/revisions"}],"predecessor-version":[{"id":185187,"href":"https:\/\/diarioregionaldigital.com.br\/index.php?rest_route=\/wp\/v2\/posts\/185185\/revisions\/185187"}],"wp:featuredmedia":[{"embeddable":true,"href":"https:\/\/diarioregionaldigital.com.br\/index.php?rest_route=\/wp\/v2\/media\/185186"}],"wp:attachment":[{"href":"https:\/\/diarioregionaldigital.com.br\/index.php?rest_route=%2Fwp%2Fv2%2Fmedia&parent=185185"}],"wp:term":[{"taxonomy":"category","embeddable":true,"href":"https:\/\/diarioregionaldigital.com.br\/index.php?rest_route=%2Fwp%2Fv2%2Fcategories&post=185185"},{"taxonomy":"post_tag","embeddable":true,"href":"https:\/\/diarioregionaldigital.com.br\/index.php?rest_route=%2Fwp%2Fv2%2Ftags&post=185185"}],"curies":[{"name":"wp","href":"https:\/\/api.w.org\/{rel}","templated":true}]}}