{"id":185182,"date":"2021-07-12T16:51:34","date_gmt":"2021-07-12T19:51:34","guid":{"rendered":"https:\/\/diarioregionaldigital.com.br\/?p=185182"},"modified":"2021-07-12T16:51:34","modified_gmt":"2021-07-12T19:51:34","slug":"guedes-reitera-a-g20-compromisso-com-vacinacao-e-reformas","status":"publish","type":"post","link":"https:\/\/diarioregionaldigital.com.br\/?p=185182","title":{"rendered":"Guedes reitera a G20 compromisso com vacina\u00e7\u00e3o e reformas"},"content":{"rendered":"<p>O Brasil est\u00e1 comprometido com a prote\u00e7\u00e3o \u00e0 sa\u00fade e com a agenda de reformas econ\u00f4micas estruturais, disse hoje (9) o ministro da Economia, Paulo Guedes, que participou virtualmente de uma reuni\u00e3o de ministros de Finan\u00e7as e de presidentes de Bancos Centrais do G20, grupo das 20 maiores economias do planeta.<\/p>\n<p>Durante a sess\u00e3o sobre Economia Global e Sa\u00fade, Guedes disse que a economia brasileira surpreender\u00e1 em 2021, \u201ccom resultados que superam as expectativas iniciais\u201d. Ele destacou que a estimativa oficial de crescimento do Produto Interno Bruto (PIB, soma dos bens e servi\u00e7os produzidos) est\u00e1 em 5,2% para este ano e que, desde julho do ano passado, foram criados mais de 2,2 milh\u00f5es de empregos formais, com mais de 1 milh\u00e3o de postos abertos somente de janeiro a abril deste ano.<\/p>\n<p>Em rela\u00e7\u00e3o \u00e0 vacina\u00e7\u00e3o contra a covid-19, Guedes disse que o pa\u00eds aplicou mais de 100 milh\u00f5es de doses, entre primeira, segunda dose e dose \u00fanica. Ressaltou que, at\u00e9 agora, a campanha de imuniza\u00e7\u00e3o alcan\u00e7ou 52% da popula\u00e7\u00e3o com mais de 18 anos com a primeira dose. De acordo com o ministro, o programa de vacina\u00e7\u00e3o em massa representa a melhor medida para recuperar a economia.<\/p>\n<p>Segundo as estat\u00edsticas mais recentes do Minist\u00e9rio da Sa\u00fade, o pa\u00eds aplicou, at\u00e9 as 16h de hoje, 112.774.302 doses, das quais 82.872.510 foram aplicadas como primeira dose. Isso equivale a 52,4% do p\u00fablico alvo da popula\u00e7\u00e3o com mais de 18 anos.<\/p>\n<p>Presidido pela It\u00e1lia, o G20 promoveu a reuni\u00e3o dos ministros de Finan\u00e7as e dos presidentes de Bancos Centrais em formato h\u00edbrido. O encontro presencial ocorreu em Veneza, com os participantes que n\u00e3o puderam ir falando por conex\u00e3o de v\u00eddeo.<\/p>\n<p><strong>Reformas<br \/>\n<\/strong><br \/>\nGuedes destacou que o fluxo comercial do Brasil cresceu 31,8% no primeiro semestre em rela\u00e7\u00e3o ao mesmo per\u00edodo de 2020, com a soma das exporta\u00e7\u00f5es e importa\u00e7\u00f5es devendo fechar o ano acima de US$ 500 bilh\u00f5es. Tamb\u00e9m citou avan\u00e7os na agenda de reformas econ\u00f4micas, como a aprova\u00e7\u00e3o da proposta de emenda \u00e0 Constitui\u00e7\u00e3o (PEC) emergencial, e das leis que deram autonomia do Banco Central, modernizaram o processo de fal\u00eancias e institu\u00edram um novo marco para os setores de saneamento e de g\u00e1s natural.<\/p>\n<p>Segundo o ministro, as privatiza\u00e7\u00f5es da Eletrobras e dos Correios, assim como os leil\u00f5es de aeroportos, terminais portu\u00e1rios e ferrovias trar\u00e3o investimentos ao pa\u00eds. Ao fim da participa\u00e7\u00e3o, Guedes reafirmou o compromisso de aprovar as reformas tribut\u00e1ria e administrativa e prometeu o lan\u00e7amento de um programa de est\u00e1gio profissionalizante que beneficiar\u00e1 at\u00e9 2 milh\u00f5es de jovens afetados pela pandemia.<\/p>\n<p><span style=\"font-weight: 400;\">Fonte: Ag\u00eancia Brasil <\/span><\/p>\n","protected":false},"excerpt":{"rendered":"<p>O Brasil est\u00e1 comprometido com a prote\u00e7\u00e3o \u00e0 sa\u00fade e com a agenda de reformas econ\u00f4micas estruturais, disse hoje (9) o ministro da Economia, Paulo Guedes, que participou virtualmente de uma reuni\u00e3o de ministros de Finan\u00e7as e de presidentes de Bancos Centrais do G20, grupo das 20 maiores economias do planeta. Durante a sess\u00e3o sobre [&hellip;]<\/p>\n","protected":false},"author":246,"featured_media":0,"comment_status":"closed","ping_status":"closed","sticky":false,"template":"","format":"standard","meta":{"footnotes":""},"categories":[436,261,439],"tags":[],"class_list":["post-185182","post","type-post","status-publish","format-standard","hentry","category-destaque-da-semana","category-economia","category-ultima-hora"],"_links":{"self":[{"href":"https:\/\/diarioregionaldigital.com.br\/index.php?rest_route=\/wp\/v2\/posts\/185182","targetHints":{"allow":["GET"]}}],"collection":[{"href":"https:\/\/diarioregionaldigital.com.br\/index.php?rest_route=\/wp\/v2\/posts"}],"about":[{"href":"https:\/\/diarioregionaldigital.com.br\/index.php?rest_route=\/wp\/v2\/types\/post"}],"author":[{"embeddable":true,"href":"https:\/\/diarioregionaldigital.com.br\/index.php?rest_route=\/wp\/v2\/users\/246"}],"replies":[{"embeddable":true,"href":"https:\/\/diarioregionaldigital.com.br\/index.php?rest_route=%2Fwp%2Fv2%2Fcomments&post=185182"}],"version-history":[{"count":1,"href":"https:\/\/diarioregionaldigital.com.br\/index.php?rest_route=\/wp\/v2\/posts\/185182\/revisions"}],"predecessor-version":[{"id":185184,"href":"https:\/\/diarioregionaldigital.com.br\/index.php?rest_route=\/wp\/v2\/posts\/185182\/revisions\/185184"}],"wp:attachment":[{"href":"https:\/\/diarioregionaldigital.com.br\/index.php?rest_route=%2Fwp%2Fv2%2Fmedia&parent=185182"}],"wp:term":[{"taxonomy":"category","embeddable":true,"href":"https:\/\/diarioregionaldigital.com.br\/index.php?rest_route=%2Fwp%2Fv2%2Fcategories&post=185182"},{"taxonomy":"post_tag","embeddable":true,"href":"https:\/\/diarioregionaldigital.com.br\/index.php?rest_route=%2Fwp%2Fv2%2Ftags&post=185182"}],"curies":[{"name":"wp","href":"https:\/\/api.w.org\/{rel}","templated":true}]}}