{"id":185179,"date":"2021-07-12T16:49:46","date_gmt":"2021-07-12T19:49:46","guid":{"rendered":"https:\/\/diarioregionaldigital.com.br\/?p=185179"},"modified":"2021-07-12T16:49:46","modified_gmt":"2021-07-12T19:49:46","slug":"trabalhadores-nascidos-em-julho-podem-sacar-o-auxilio-emergencial","status":"publish","type":"post","link":"https:\/\/diarioregionaldigital.com.br\/?p=185179","title":{"rendered":"Trabalhadores nascidos em julho podem sacar o aux\u00edlio emergencial"},"content":{"rendered":"<p>Trabalhadores informais e inscritos no Cadastro \u00danico para Programas Sociais do Governo Federal (Cad\u00danico), nascidos em julho, podem sacar, a partir de hoje (12), a terceira parcela do aux\u00edlio emergencial 2021. O dinheiro foi depositado nas contas poupan\u00e7a digitais da Caixa Econ\u00f4mica Federal em 25 de junho.<img decoding=\"async\" src=\"https:\/\/agenciabrasil.ebc.com.br\/ebc.png?id=1415217&amp;o=node\" \/><img decoding=\"async\" src=\"https:\/\/agenciabrasil.ebc.com.br\/ebc.gif?id=1415217&amp;o=node\" \/><\/p>\n<p>Os recursos tamb\u00e9m poder\u00e3o ser transferidos para uma conta-corrente, sem custos para o usu\u00e1rio. At\u00e9 agora, o dinheiro apenas podia ser movimentado por meio do aplicativo Caixa Tem, que permite o pagamento de contas dom\u00e9sticas (\u00e1gua, luz, telefone e g\u00e1s), de boletos, compras em lojas virtuais ou compras com o c\u00f3digo QR (vers\u00e3o avan\u00e7ada do c\u00f3digo de barras) em maquininhas de estabelecimentos parceiros.<\/p>\n<p>Em caso de d\u00favidas, a central telef\u00f4nica 111 da Caixa funciona de segunda a domingo, das 7h \u00e0s 22h. Al\u00e9m disso, o benefici\u00e1rio pode consultar o<a href=\"http:\/\/auxilio.caixa.gov.br\/\" target=\"_blank\" rel=\"noopener\">\u00a0site<\/a>\u00a0auxilio.caixa.gov.br<\/p>\n<p>O saque originalmente estava previsto para ocorrer em 29 de julho, mas foi antecipado em quase tr\u00eas semanas por decis\u00e3o da Caixa. Segundo o banco, a adapta\u00e7\u00e3o dos sistemas tecnol\u00f3gicos e dos benefici\u00e1rios ao sistema de pagamento do aux\u00edlio emergencial permitiu o adiantamento do calend\u00e1rio.<\/p>\n<p>O aux\u00edlio emergencial foi criado em abril do ano passado pelo governo federal para atender pessoas vulner\u00e1veis afetadas pela pandemia de covid-19. Ele foi pago em cinco parcelas de R$ 600 ou R$ 1,2 mil para m\u00e3es chefes de fam\u00edlia monoparental e, depois, estendido at\u00e9 31 de dezembro de 2020 em at\u00e9 quatro parcelas de R$ 300 ou R$ 600 cada.<\/p>\n<p>Neste ano, a nova rodada de pagamentos, durante quatro meses, prev\u00ea parcelas de R$ 150 a R$ 375, dependendo do perfil: as fam\u00edlias, em geral, recebem R$ 250; a fam\u00edlia monoparental, chefiada por uma mulher, recebe R$ 375; e pessoas que moram sozinhas, R$ 150.<\/p>\n<p><strong>Regras<\/strong><\/p>\n<p>Pelas regras estabelecidas, o aux\u00edlio ser\u00e1 pago \u00e0s fam\u00edlias com renda mensal total de at\u00e9 tr\u00eas sal\u00e1rios m\u00ednimos, desde que a renda por pessoa seja inferior a meio sal\u00e1rio m\u00ednimo. \u00c9 necess\u00e1rio que o benefici\u00e1rio j\u00e1 tenha sido considerado eleg\u00edvel at\u00e9 o m\u00eas de dezembro de 2020, pois n\u00e3o h\u00e1 nova fase de inscri\u00e7\u00f5es. Para quem recebe o Bolsa Fam\u00edlia, continua valendo a regra do valor mais vantajoso, seja a parcela paga no programa social, seja a do aux\u00edlio emergencial.<\/p>\n<p>A Ag\u00eancia Brasil elaborou um guia de perguntas e respostas sobre o aux\u00edlio emergencial. Entre as d\u00favidas que o benefici\u00e1rio pode tirar est\u00e3o os crit\u00e9rios para receber o benef\u00edcio, a regulariza\u00e7\u00e3o do CPF (Cadastro de Pessoas F\u00edsicas) e os crit\u00e9rios de desempate dentro da mesma fam\u00edlia para ter acesso ao aux\u00edlio.<\/p>\n<p><span style=\"font-weight: 400;\">Fonte: Ag\u00eancia Brasil <\/span><\/p>\n","protected":false},"excerpt":{"rendered":"<p>Trabalhadores informais e inscritos no Cadastro \u00danico para Programas Sociais do Governo Federal (Cad\u00danico), nascidos em julho, podem sacar, a partir de hoje (12), a terceira parcela do aux\u00edlio emergencial 2021. O dinheiro foi depositado nas contas poupan\u00e7a digitais da Caixa Econ\u00f4mica Federal em 25 de junho. Os recursos tamb\u00e9m poder\u00e3o ser transferidos para uma [&hellip;]<\/p>\n","protected":false},"author":246,"featured_media":185180,"comment_status":"closed","ping_status":"closed","sticky":false,"template":"","format":"standard","meta":{"footnotes":""},"categories":[436,261,439],"tags":[],"class_list":["post-185179","post","type-post","status-publish","format-standard","has-post-thumbnail","hentry","category-destaque-da-semana","category-economia","category-ultima-hora"],"_links":{"self":[{"href":"https:\/\/diarioregionaldigital.com.br\/index.php?rest_route=\/wp\/v2\/posts\/185179","targetHints":{"allow":["GET"]}}],"collection":[{"href":"https:\/\/diarioregionaldigital.com.br\/index.php?rest_route=\/wp\/v2\/posts"}],"about":[{"href":"https:\/\/diarioregionaldigital.com.br\/index.php?rest_route=\/wp\/v2\/types\/post"}],"author":[{"embeddable":true,"href":"https:\/\/diarioregionaldigital.com.br\/index.php?rest_route=\/wp\/v2\/users\/246"}],"replies":[{"embeddable":true,"href":"https:\/\/diarioregionaldigital.com.br\/index.php?rest_route=%2Fwp%2Fv2%2Fcomments&post=185179"}],"version-history":[{"count":1,"href":"https:\/\/diarioregionaldigital.com.br\/index.php?rest_route=\/wp\/v2\/posts\/185179\/revisions"}],"predecessor-version":[{"id":185181,"href":"https:\/\/diarioregionaldigital.com.br\/index.php?rest_route=\/wp\/v2\/posts\/185179\/revisions\/185181"}],"wp:featuredmedia":[{"embeddable":true,"href":"https:\/\/diarioregionaldigital.com.br\/index.php?rest_route=\/wp\/v2\/media\/185180"}],"wp:attachment":[{"href":"https:\/\/diarioregionaldigital.com.br\/index.php?rest_route=%2Fwp%2Fv2%2Fmedia&parent=185179"}],"wp:term":[{"taxonomy":"category","embeddable":true,"href":"https:\/\/diarioregionaldigital.com.br\/index.php?rest_route=%2Fwp%2Fv2%2Fcategories&post=185179"},{"taxonomy":"post_tag","embeddable":true,"href":"https:\/\/diarioregionaldigital.com.br\/index.php?rest_route=%2Fwp%2Fv2%2Ftags&post=185179"}],"curies":[{"name":"wp","href":"https:\/\/api.w.org\/{rel}","templated":true}]}}