{"id":185170,"date":"2021-07-12T17:40:46","date_gmt":"2021-07-12T20:40:46","guid":{"rendered":"https:\/\/diarioregionaldigital.com.br\/?p=185170"},"modified":"2021-07-12T17:41:26","modified_gmt":"2021-07-12T20:41:26","slug":"jornal-diario-regional-comemora-27-anos-de-producao-jornalistica-em-juiz-de-fora","status":"publish","type":"post","link":"https:\/\/diarioregionaldigital.com.br\/?p=185170","title":{"rendered":"Jornal Di\u00e1rio Regional comemora 27 anos de produ\u00e7\u00e3o jornal\u00edstica em Juiz de Fora"},"content":{"rendered":"<p>Nesta segunda-feira, 12 de julho, o jornal Di\u00e1rio Regional completa 27 anos de cria\u00e7\u00e3o. Na manh\u00e3 do dia 12 de julho de 1994, a edi\u00e7\u00e3o de n\u00famero 1 do Di\u00e1rio Regional era entregue \u00e0s bancas de Juiz de Fora dando in\u00edcio \u00e0 hist\u00f3ria do jornal. Esta data marcou o in\u00edcio da grande trajet\u00f3ria deste jornal impresso que nasceu do sonho e idealiza\u00e7\u00e3o dos projetos do professor Josino Arag\u00e3o.<\/p>\n<p>\u201cAt\u00e9 que enfim, chegamos nas bancas e agradecemos a Deus por este momento feliz, de poder trazer at\u00e9 voc\u00ea o nosso DI\u00c1RIO REGIONAL. Nosso, porque a partir de hoje, esperamos que voc\u00ea esteja sempre conosco, ajudando a fazer um jornal totalmente regional, colaborando com artigos, cr\u00f4nicas, sugest\u00f5es e principalmente cr\u00edticas contra e a favor, porque o importante daqui para frente \u00e9 estarmos juntos\u2026\u201d, dizia Josino.<\/p>\n<p>Na Rua Oscar Vidal, n\u00ba 416, est\u00e1 localizada a sede deste jornal. \u00c9 neste endere\u00e7o que milhares de hist\u00f3rias e not\u00edcias foram contadas e compartilhadas com os leitores. No local, em uma sala especial, in\u00fameros arquivos comprovam o trabalho \u00e1rduo de toda a equipe que faz parte dessa hist\u00f3ria e o amor e compromisso de Josino em entregar ao leitor da cidade um jornal feito com dedica\u00e7\u00e3o, profissionalismo e conte\u00fado de qualidade.<\/p>\n<p>Vinte e tr\u00eas anos depois, ao final de 2017, uma decis\u00e3o foi tomada pensando em sustentabilidade. A impress\u00e3o das longas p\u00e1ginas de papel formato standard chegaram ao fim. No ano seguinte, o Di\u00e1rio Regional entrou de cabe\u00e7a em sua mais nova plataforma: o ambiente digital. O material impresso passou a ser digitalizado e disponibilizado em PDF, podendo ser lido nas telas dos computadores, celulares e tablets atrav\u00e9s do novo site do jornal, o Di\u00e1rio Regional Digital, com a assinatura do conte\u00fado. Um portal leve, seguro e interativo, mantendo a ess\u00eancia e o compromisso com a verdade e profissionalismo.<\/p>\n<p>Ao longo dessa trajet\u00f3ria, excelentes profissionais passaram pela reda\u00e7\u00e3o do jornal se comprometendo em dar continuidade ao sonho do fundador, mantendo o leitor atualizado com as not\u00edcias locais, regionais e nacionais. Toda uma hist\u00f3ria foi constru\u00edda ao longo de todos estes anos, sofrendo modifica\u00e7\u00f5es, altera\u00e7\u00f5es e muita atualiza\u00e7\u00e3o ao produzir o conte\u00fado jornal\u00edstico com \u00e9tica, respeito, imparcialidade e qualidade. Os anos passaram, mas a preocupa\u00e7\u00e3o n\u00e3o! Aqui \u00e9 feito um trabalho minuciosamente atento com carinho, presteza, amor e muita dedica\u00e7\u00e3o de todos os profissionais envolvidos na atual coordena\u00e7\u00e3o do Di\u00e1rio Regional.<\/p>\n<p>Hoje em seu anivers\u00e1rio de 27 anos o jornal tem muito a comemorar, desde sua funda\u00e7\u00e3o n\u00e3o houve falta de amor e amizade aos que contribu\u00edram em cada edi\u00e7\u00e3o, desde as antigas \u2013 preto e branco \u2013 \u00e0s atuais coloridas e digitais. Nos \u00faltimos anos a preocupa\u00e7\u00e3o veio diante a quest\u00e3o digital\/online, que foi necess\u00e1rio obter novos investimentos para oferecer mais facilidade e praticidade ao acesso total de todos os conte\u00fados produzidos.<\/p>\n<p>Atualmente, o jornal \u00e9 um empreendimento plenamente consolidado, formado por profissionais preparados para crescer ainda mais. E este \u00e9 o momento de agradecer a todos que t\u00eam trabalhado de forma direta ou indireta para o sucesso do jornal Di\u00e1rio Regional durante seus 27 anos. Agradecemos aos colaboradores atuais e anteriores, e por fim, aos nossos leitores, pois esperamos poder continuar servindo aos seus interesses e oferecer o que h\u00e1 de melhor em termos de informa\u00e7\u00e3o.<\/p>\n","protected":false},"excerpt":{"rendered":"<p>Nesta segunda-feira, 12 de julho, o jornal Di\u00e1rio Regional completa 27 anos de cria\u00e7\u00e3o. Na manh\u00e3 do dia 12 de julho de 1994, a edi\u00e7\u00e3o de n\u00famero 1 do Di\u00e1rio Regional era entregue \u00e0s bancas de Juiz de Fora dando in\u00edcio \u00e0 hist\u00f3ria do jornal. Esta data marcou o in\u00edcio da grande trajet\u00f3ria deste jornal [&hellip;]<\/p>\n","protected":false},"author":246,"featured_media":185211,"comment_status":"closed","ping_status":"closed","sticky":false,"template":"","format":"standard","meta":{"footnotes":""},"categories":[253,436,440,262,439],"tags":[],"class_list":["post-185170","post","type-post","status-publish","format-standard","has-post-thumbnail","hentry","category-cidade","category-destaque-da-semana","category-destaques-do-dia","category-noticias","category-ultima-hora"],"_links":{"self":[{"href":"https:\/\/diarioregionaldigital.com.br\/index.php?rest_route=\/wp\/v2\/posts\/185170","targetHints":{"allow":["GET"]}}],"collection":[{"href":"https:\/\/diarioregionaldigital.com.br\/index.php?rest_route=\/wp\/v2\/posts"}],"about":[{"href":"https:\/\/diarioregionaldigital.com.br\/index.php?rest_route=\/wp\/v2\/types\/post"}],"author":[{"embeddable":true,"href":"https:\/\/diarioregionaldigital.com.br\/index.php?rest_route=\/wp\/v2\/users\/246"}],"replies":[{"embeddable":true,"href":"https:\/\/diarioregionaldigital.com.br\/index.php?rest_route=%2Fwp%2Fv2%2Fcomments&post=185170"}],"version-history":[{"count":3,"href":"https:\/\/diarioregionaldigital.com.br\/index.php?rest_route=\/wp\/v2\/posts\/185170\/revisions"}],"predecessor-version":[{"id":185213,"href":"https:\/\/diarioregionaldigital.com.br\/index.php?rest_route=\/wp\/v2\/posts\/185170\/revisions\/185213"}],"wp:featuredmedia":[{"embeddable":true,"href":"https:\/\/diarioregionaldigital.com.br\/index.php?rest_route=\/wp\/v2\/media\/185211"}],"wp:attachment":[{"href":"https:\/\/diarioregionaldigital.com.br\/index.php?rest_route=%2Fwp%2Fv2%2Fmedia&parent=185170"}],"wp:term":[{"taxonomy":"category","embeddable":true,"href":"https:\/\/diarioregionaldigital.com.br\/index.php?rest_route=%2Fwp%2Fv2%2Fcategories&post=185170"},{"taxonomy":"post_tag","embeddable":true,"href":"https:\/\/diarioregionaldigital.com.br\/index.php?rest_route=%2Fwp%2Fv2%2Ftags&post=185170"}],"curies":[{"name":"wp","href":"https:\/\/api.w.org\/{rel}","templated":true}]}}