{"id":185159,"date":"2021-07-09T20:20:49","date_gmt":"2021-07-09T23:20:49","guid":{"rendered":"https:\/\/diarioregionaldigital.com.br\/?p=185159"},"modified":"2021-07-09T20:20:49","modified_gmt":"2021-07-09T23:20:49","slug":"cesama-substitui-conjunto-motobomba-em-elevatoria-e-cidade-do-sol-tem-abastecimento-comprometido-na-terca","status":"publish","type":"post","link":"https:\/\/diarioregionaldigital.com.br\/?p=185159","title":{"rendered":"Cesama substitui conjunto motobomba em elevat\u00f3ria e Cidade do Sol tem abastecimento comprometido na ter\u00e7a"},"content":{"rendered":"<p>Nesta ter\u00e7a-feira, 13, a Companhia de Saneamento Municipal (Cesama) da Prefeitura de Juiz de Fora ir\u00e1 substituir o conjunto motobomba da elevat\u00f3ria de \u00e1gua do bairro Cidade do Sol, trocando-o por um equipamento mais moderno e de melhor rendimento. Segundo informa\u00e7\u00f5es do site da Prefeitura de Juiz de Fora, os servi\u00e7os ser\u00e3o realizados das 8h \u00e0s 16h e, para isso, ser\u00e1 necess\u00e1rio interromper o funcionamento da unidade, o que ir\u00e1 comprometer o abastecimento do bairro.<\/p>\n<p>A Cesama pede a compreens\u00e3o dos moradores locais e orienta para que economizem \u00e1gua durante os trabalhos. Assim que a substitui\u00e7\u00e3o for finalizada, a unidade voltar\u00e1 a operar. A previs\u00e3o \u00e9 de que o abastecimento seja normalizado na quarta-feira, 14.<\/p>\n","protected":false},"excerpt":{"rendered":"<p>Nesta ter\u00e7a-feira, 13, a Companhia de Saneamento Municipal (Cesama) da Prefeitura de Juiz de Fora ir\u00e1 substituir o conjunto motobomba da elevat\u00f3ria de \u00e1gua do bairro Cidade do Sol, trocando-o por um equipamento mais moderno e de melhor rendimento. Segundo informa\u00e7\u00f5es do site da Prefeitura de Juiz de Fora, os servi\u00e7os ser\u00e3o realizados das 8h [&hellip;]<\/p>\n","protected":false},"author":246,"featured_media":185160,"comment_status":"closed","ping_status":"closed","sticky":false,"template":"","format":"standard","meta":{"footnotes":""},"categories":[253,439],"tags":[],"class_list":["post-185159","post","type-post","status-publish","format-standard","has-post-thumbnail","hentry","category-cidade","category-ultima-hora"],"_links":{"self":[{"href":"https:\/\/diarioregionaldigital.com.br\/index.php?rest_route=\/wp\/v2\/posts\/185159","targetHints":{"allow":["GET"]}}],"collection":[{"href":"https:\/\/diarioregionaldigital.com.br\/index.php?rest_route=\/wp\/v2\/posts"}],"about":[{"href":"https:\/\/diarioregionaldigital.com.br\/index.php?rest_route=\/wp\/v2\/types\/post"}],"author":[{"embeddable":true,"href":"https:\/\/diarioregionaldigital.com.br\/index.php?rest_route=\/wp\/v2\/users\/246"}],"replies":[{"embeddable":true,"href":"https:\/\/diarioregionaldigital.com.br\/index.php?rest_route=%2Fwp%2Fv2%2Fcomments&post=185159"}],"version-history":[{"count":1,"href":"https:\/\/diarioregionaldigital.com.br\/index.php?rest_route=\/wp\/v2\/posts\/185159\/revisions"}],"predecessor-version":[{"id":185161,"href":"https:\/\/diarioregionaldigital.com.br\/index.php?rest_route=\/wp\/v2\/posts\/185159\/revisions\/185161"}],"wp:featuredmedia":[{"embeddable":true,"href":"https:\/\/diarioregionaldigital.com.br\/index.php?rest_route=\/wp\/v2\/media\/185160"}],"wp:attachment":[{"href":"https:\/\/diarioregionaldigital.com.br\/index.php?rest_route=%2Fwp%2Fv2%2Fmedia&parent=185159"}],"wp:term":[{"taxonomy":"category","embeddable":true,"href":"https:\/\/diarioregionaldigital.com.br\/index.php?rest_route=%2Fwp%2Fv2%2Fcategories&post=185159"},{"taxonomy":"post_tag","embeddable":true,"href":"https:\/\/diarioregionaldigital.com.br\/index.php?rest_route=%2Fwp%2Fv2%2Ftags&post=185159"}],"curies":[{"name":"wp","href":"https:\/\/api.w.org\/{rel}","templated":true}]}}