{"id":185155,"date":"2021-07-09T20:14:34","date_gmt":"2021-07-09T23:14:34","guid":{"rendered":"https:\/\/diarioregionaldigital.com.br\/?p=185155"},"modified":"2021-07-09T20:14:34","modified_gmt":"2021-07-09T23:14:34","slug":"projeto-de-conscientizacao-ambiental-e-geracao-de-renda-e-promovido-pelo-cras","status":"publish","type":"post","link":"https:\/\/diarioregionaldigital.com.br\/?p=185155","title":{"rendered":"Projeto de conscientiza\u00e7\u00e3o ambiental e gera\u00e7\u00e3o de renda \u00e9 promovido pelo Cras"},"content":{"rendered":"<p>A conscientiza\u00e7\u00e3o ambiental e a gera\u00e7\u00e3o de renda s\u00e3o objetivos do Projeto Cras Recicla\/Troca Sustent\u00e1vel promovido pelo CRAS Leste Vitorino Braga. O projeto envolve a a\u00e7\u00e3o de todos os profissionais do equipamento da Secretaria de Assist\u00eancia Social (SAS), fam\u00edlias assistidas e a comunidade de abrang\u00eancia do territ\u00f3rio do CRAS. As parcerias com o Horto Municipal e com o Projeto Ser Luz possibilitam a doa\u00e7\u00e3o de mudas de plantas e vestu\u00e1rio, respectivamente, para o funcionamento do projeto.<\/p>\n<p>Segundo informa\u00e7\u00f5es do site da Prefeitura de Juiz de Fora, ao considerar o cen\u00e1rio do bairro com diversos galp\u00f5es de reciclagem e o de fam\u00edlias envolvidas na venda de recicl\u00e1veis (garrafas pl\u00e1sticas e latinhas), o CRAS Leste Vitorino Braga investe na coleta seletiva como proposta de sustentabilidade e de gera\u00e7\u00e3o de renda de fam\u00edlias em vulnerabilidade, principalmente, em tempos de crise econ\u00f4mica agravada pela Pandemia do Covid-19. Ap\u00f3s perceber a potencialidade da a\u00e7\u00e3o, a equipe ampliou a proposta e envolveu as fam\u00edlias e a comunidade na concep\u00e7\u00e3o de \u201ctroca sustent\u00e1vel\u201d, onde garrafas pl\u00e1sticas e\/ou latas de alum\u00ednio s\u00e3o trocadas por mudas de plantas ou por roupas do varal solid\u00e1rio do CRAS.<\/p>\n<p>O trabalho de divulga\u00e7\u00e3o no pr\u00f3prio equipamento, por comunica\u00e7\u00e3o de WhatsApp institucional e atrav\u00e9s de contato com comerciantes no Vitorino Braga atraiu cerca de 40 fam\u00edlias. Destas, 34 levaram material recicl\u00e1vel e receberam mudas em troca e seis fam\u00edlias receberam do CRAS os recicl\u00e1veis para venda. O projeto est\u00e1 em conformidade com as medidas de seguran\u00e7a necess\u00e1rias para evitar a propaga\u00e7\u00e3o do Covid-19, sem aglomerar as fam\u00edlias e refor\u00e7ando as orienta\u00e7\u00f5es de precau\u00e7\u00e3o.<\/p>\n<p>Segundo a supervisora Daniela dos Prazeres de Assis, coordenadora do CRAS Leste Vitorino Braga, o projeto promove n\u00e3o apenas a gera\u00e7\u00e3o de renda, mas tamb\u00e9m o sentimento de solidariedade, a participa\u00e7\u00e3o social e a educa\u00e7\u00e3o ambiental e sustent\u00e1vel. \u201cO protagonismo e a emancipa\u00e7\u00e3o das fam\u00edlias e a vincula\u00e7\u00e3o destas com o equipamento possibilitam atuarmos junto \u00e0 comunidade na constru\u00e7\u00e3o de solu\u00e7\u00f5es para o enfrentamento das vulnerabilidades sociais\u201d, ressalta Assis.<\/p>\n<p>A psic\u00f3loga Luciana Krempser acrescenta que, a partir da proposta inicial de troca de recicl\u00e1veis por plantas ou roupas, outras possibilidades de trocas sustent\u00e1veis tamb\u00e9m foram sugeridas pelas pr\u00f3prias fam\u00edlias como uma pessoa que trouxe roupas e levou mudas, outra que ofereceu cuidar das plantas do CRAS em troca de pe\u00e7as de roupas e a jovem que trocou mudas por roupas. \u201cAcredito que o CRAS cumpre, dentre outras, a fun\u00e7\u00e3o de Refer\u00eancia, Modelo e Exemplo para as fam\u00edlias e a comunidade do territ\u00f3rio atendido\u201d, conclui Krempser.<\/p>\n","protected":false},"excerpt":{"rendered":"<p>A conscientiza\u00e7\u00e3o ambiental e a gera\u00e7\u00e3o de renda s\u00e3o objetivos do Projeto Cras Recicla\/Troca Sustent\u00e1vel promovido pelo CRAS Leste Vitorino Braga. O projeto envolve a a\u00e7\u00e3o de todos os profissionais do equipamento da Secretaria de Assist\u00eancia Social (SAS), fam\u00edlias assistidas e a comunidade de abrang\u00eancia do territ\u00f3rio do CRAS. As parcerias com o Horto Municipal [&hellip;]<\/p>\n","protected":false},"author":246,"featured_media":185156,"comment_status":"closed","ping_status":"closed","sticky":false,"template":"","format":"standard","meta":{"footnotes":""},"categories":[253,436,439],"tags":[],"class_list":["post-185155","post","type-post","status-publish","format-standard","has-post-thumbnail","hentry","category-cidade","category-destaque-da-semana","category-ultima-hora"],"_links":{"self":[{"href":"https:\/\/diarioregionaldigital.com.br\/index.php?rest_route=\/wp\/v2\/posts\/185155","targetHints":{"allow":["GET"]}}],"collection":[{"href":"https:\/\/diarioregionaldigital.com.br\/index.php?rest_route=\/wp\/v2\/posts"}],"about":[{"href":"https:\/\/diarioregionaldigital.com.br\/index.php?rest_route=\/wp\/v2\/types\/post"}],"author":[{"embeddable":true,"href":"https:\/\/diarioregionaldigital.com.br\/index.php?rest_route=\/wp\/v2\/users\/246"}],"replies":[{"embeddable":true,"href":"https:\/\/diarioregionaldigital.com.br\/index.php?rest_route=%2Fwp%2Fv2%2Fcomments&post=185155"}],"version-history":[{"count":2,"href":"https:\/\/diarioregionaldigital.com.br\/index.php?rest_route=\/wp\/v2\/posts\/185155\/revisions"}],"predecessor-version":[{"id":185158,"href":"https:\/\/diarioregionaldigital.com.br\/index.php?rest_route=\/wp\/v2\/posts\/185155\/revisions\/185158"}],"wp:featuredmedia":[{"embeddable":true,"href":"https:\/\/diarioregionaldigital.com.br\/index.php?rest_route=\/wp\/v2\/media\/185156"}],"wp:attachment":[{"href":"https:\/\/diarioregionaldigital.com.br\/index.php?rest_route=%2Fwp%2Fv2%2Fmedia&parent=185155"}],"wp:term":[{"taxonomy":"category","embeddable":true,"href":"https:\/\/diarioregionaldigital.com.br\/index.php?rest_route=%2Fwp%2Fv2%2Fcategories&post=185155"},{"taxonomy":"post_tag","embeddable":true,"href":"https:\/\/diarioregionaldigital.com.br\/index.php?rest_route=%2Fwp%2Fv2%2Ftags&post=185155"}],"curies":[{"name":"wp","href":"https:\/\/api.w.org\/{rel}","templated":true}]}}