{"id":185152,"date":"2021-07-09T20:11:36","date_gmt":"2021-07-09T23:11:36","guid":{"rendered":"https:\/\/diarioregionaldigital.com.br\/?p=185152"},"modified":"2021-07-09T20:11:36","modified_gmt":"2021-07-09T23:11:36","slug":"vacinacao-contra-covid-19-chega-aos-40-anos-com-novo-posto-de-imunizacao","status":"publish","type":"post","link":"https:\/\/diarioregionaldigital.com.br\/?p=185152","title":{"rendered":"Vacina\u00e7\u00e3o contra Covid-19 chega aos 40 anos com novo posto de imuniza\u00e7\u00e3o"},"content":{"rendered":"<p>A partir deste s\u00e1bado, 10, a vacina\u00e7\u00e3o contra a Covid-19 em Juiz de Fora chega at\u00e9 \u00e0s pessoas com 40 anos ou mais. Outra novidade \u00e9 a abertura de mais um posto de imuniza\u00e7\u00e3o na cidade, o C\u00edrculo Militar, localizado na Av. Bar\u00e3o do Rio Branco, 3.146. Com a abertura deste novo ponto de vacina\u00e7\u00e3o, a UBS Centro Sul, deixar\u00e1 de imunizar as pessoas com Covid-19 na pr\u00f3xima segunda-feira, 12, e voltar\u00e1 aos atendimentos de rotina.<\/p>\n<p>Segundo informa\u00e7\u00f5es do site da Prefeitura de Juiz de Fora, neste s\u00e1bado, 10, pessoas com 40 anos ou mais podem ser vacinadas no Sport Club, PAM Marechal e no C\u00edrculo Militar, das 8h \u00e0s 13h. A campanha de vacina\u00e7\u00e3o contra a Covid-19 realizada pela Secretaria de Sa\u00fade (SS) da Prefeitura de Juiz de Fora (PJF) na atual fase contempla tamb\u00e9m idosos, gr\u00e1vidas, pu\u00e9rperas (mulheres em p\u00f3s-parto de at\u00e9 45 dias) e lactantes (mulheres que amamentam) em at\u00e9 seis meses de p\u00f3s-parto As segundas doses tamb\u00e9m ser\u00e3o aplicadas neste s\u00e1bado.<\/p>\n<p><b>Documenta\u00e7\u00e3o necess\u00e1ria<\/b><\/p>\n<p>A Secret\u00e1ria de Sa\u00fade pede para as pessoas que v\u00e3o se vacinar por idade levarem, originais e c\u00f3pias, de documento de identifica\u00e7\u00e3o com foto &#8211; como documento de identidade (RG) ou carteira de motorista &#8211; e comprovante de resid\u00eancia. Al\u00e9m destes documentos, as gr\u00e1vidas precisam levar o cart\u00e3o do pr\u00e9-natal, a carteira da gestante; as pu\u00e9rperas devem apresentar um documento que comprove o parto nos \u00faltimos 45 dias, como a certid\u00e3o de nascimento do beb\u00ea ou atestado de alta hospitalar, e as lactantes em at\u00e9 seis meses de p\u00f3s-parto precisam levar um atestado m\u00e9dico que mostre que amamenta e um documento que comprove que o seu parto ocorreu nos \u00faltimos seis meses, como a certid\u00e3o de nascimento do beb\u00ea .<\/p>\n<p><b>Fique atento<\/b><\/p>\n<p>Todos os que forem receber a segunda dose devem levar o cart\u00e3o de vacina para comprovar o recebimento da primeira. Deve-se ter aten\u00e7\u00e3o \u00e0 data de retorno no cart\u00e3o, pois n\u00e3o s\u00e3o aplicadas vacinas antes do prazo estipulado. Al\u00e9m do cart\u00e3o, precisa ser apresentado documento original com foto, como o documento de identidade ou a carteira de motorista.<\/p>\n<p>Quem se vacinou contra Influenza e tem direito de se vacinar tamb\u00e9m contra a Covid-19 deve esperar pelo menos 14 dias entre o momento que recebeu a dose do imunizante contra a gripe para poder ser vacinado contra a Covid-19. Para quem foi diagnosticado com Covid-19, \u00e9 recomendado ao menos 30 dias de espera entre o come\u00e7o dos sintomas ou teste positivo (no caso dos assintom\u00e1ticos) para receber a vacina.<\/p>\n<p><b>Pr\u00e9-cadastros<\/b><\/p>\n<p>Est\u00e3o abertos os pr\u00e9-cadastros para a vacina\u00e7\u00e3o por faixas et\u00e1rias para todas as pessoas eleg\u00edveis &#8211; aquelas que tenham 18 anos ou mais -, para lactantes (mulheres que amamentam) com at\u00e9 seis meses de p\u00f3s-parto e profissionais dos demais grupos priorit\u00e1rios de trabalhadores contemplados pelo Plano Nacional de Imuniza\u00e7\u00e3o (PNI). Os pr\u00e9-cadastros s\u00e3o feitos exclusivamente no site da PJF, onde podem ser lidos os detalhes para cada um destes grupos. Ressaltamos que o pr\u00e9-cadastro n\u00e3o \u00e9 um sistema de agendamento e n\u00e3o garante a vacina\u00e7\u00e3o. As informa\u00e7\u00f5es colocadas nele ter\u00e3o que, posteriormente, no momento da vacina\u00e7\u00e3o, serem comprovadas atrav\u00e9s da documenta\u00e7\u00e3o solicitada a cada um dos grupos.<\/p>\n<p><b>Confira o calend\u00e1rio de imuniza\u00e7\u00e3o deste s\u00e1bado, 10<\/b><\/p>\n<p>Gr\u00e1vidas, Pu\u00e9rperas e Lactantes com at\u00e9 6 meses de p\u00f3s-parto e que tenham 18 anos ou mais de idade<br \/>\nSport Club JF, PAM Marechal e C\u00edrculo Militar das 8h \u00e0s 13h.<\/p>\n<p><b>Pessoas com 40 anos ou mais<\/b><\/p>\n<p>Sport Club JF, PAM Marechal e C\u00edrculo Militar das 8h \u00e0s 13h.<\/p>\n<p>Idosos com 60 anos ou mais<\/p>\n<p>Sport Club JF, PAM Marechal e C\u00edrculo Militar das 8h \u00e0s 13h.<\/p>\n","protected":false},"excerpt":{"rendered":"<p>A partir deste s\u00e1bado, 10, a vacina\u00e7\u00e3o contra a Covid-19 em Juiz de Fora chega at\u00e9 \u00e0s pessoas com 40 anos ou mais. Outra novidade \u00e9 a abertura de mais um posto de imuniza\u00e7\u00e3o na cidade, o C\u00edrculo Militar, localizado na Av. Bar\u00e3o do Rio Branco, 3.146. Com a abertura deste novo ponto de vacina\u00e7\u00e3o, [&hellip;]<\/p>\n","protected":false},"author":246,"featured_media":185153,"comment_status":"closed","ping_status":"closed","sticky":false,"template":"","format":"standard","meta":{"footnotes":""},"categories":[253,439],"tags":[],"class_list":["post-185152","post","type-post","status-publish","format-standard","has-post-thumbnail","hentry","category-cidade","category-ultima-hora"],"_links":{"self":[{"href":"https:\/\/diarioregionaldigital.com.br\/index.php?rest_route=\/wp\/v2\/posts\/185152","targetHints":{"allow":["GET"]}}],"collection":[{"href":"https:\/\/diarioregionaldigital.com.br\/index.php?rest_route=\/wp\/v2\/posts"}],"about":[{"href":"https:\/\/diarioregionaldigital.com.br\/index.php?rest_route=\/wp\/v2\/types\/post"}],"author":[{"embeddable":true,"href":"https:\/\/diarioregionaldigital.com.br\/index.php?rest_route=\/wp\/v2\/users\/246"}],"replies":[{"embeddable":true,"href":"https:\/\/diarioregionaldigital.com.br\/index.php?rest_route=%2Fwp%2Fv2%2Fcomments&post=185152"}],"version-history":[{"count":1,"href":"https:\/\/diarioregionaldigital.com.br\/index.php?rest_route=\/wp\/v2\/posts\/185152\/revisions"}],"predecessor-version":[{"id":185154,"href":"https:\/\/diarioregionaldigital.com.br\/index.php?rest_route=\/wp\/v2\/posts\/185152\/revisions\/185154"}],"wp:featuredmedia":[{"embeddable":true,"href":"https:\/\/diarioregionaldigital.com.br\/index.php?rest_route=\/wp\/v2\/media\/185153"}],"wp:attachment":[{"href":"https:\/\/diarioregionaldigital.com.br\/index.php?rest_route=%2Fwp%2Fv2%2Fmedia&parent=185152"}],"wp:term":[{"taxonomy":"category","embeddable":true,"href":"https:\/\/diarioregionaldigital.com.br\/index.php?rest_route=%2Fwp%2Fv2%2Fcategories&post=185152"},{"taxonomy":"post_tag","embeddable":true,"href":"https:\/\/diarioregionaldigital.com.br\/index.php?rest_route=%2Fwp%2Fv2%2Ftags&post=185152"}],"curies":[{"name":"wp","href":"https:\/\/api.w.org\/{rel}","templated":true}]}}