{"id":185149,"date":"2021-07-09T20:07:31","date_gmt":"2021-07-09T23:07:31","guid":{"rendered":"https:\/\/diarioregionaldigital.com.br\/?p=185149"},"modified":"2021-07-09T20:07:31","modified_gmt":"2021-07-09T23:07:31","slug":"linhas-545-e-555-atendem-aos-candidatos-do-pism-com-horarios-especiais","status":"publish","type":"post","link":"https:\/\/diarioregionaldigital.com.br\/?p=185149","title":{"rendered":"Linhas 545 e 555 atendem aos candidatos do Pism com hor\u00e1rios especiais"},"content":{"rendered":"<p>A Secretaria de Mobilidade Urbana (SMU) montou um esquema especial de hor\u00e1rios das linhas 545 e 555, ambas Universidade, para atender aos inscritos no Processo de Ingresso Seletivo Misto (Pism) &#8211; M\u00f3dulo I, que ser\u00e1 realizado neste s\u00e1bado, 10, e domingo, 11, pela Universidade Federal de Juiz de Fora (UFJF). Nos dois dias, os hor\u00e1rios de partida do Centro ser\u00e3o a partir de 10h e o \u00faltimo, de retorno da UFJF ser\u00e1 \u00e0s 17h.<\/p>\n<p>Segundo informa\u00e7\u00f5es que constam no site da Prefeitura de Juiz de Fora, a SMU alerta que nos dias de Pism as linhas 525 e 535 n\u00e3o circulam. As linhas 545 e 555 v\u00e3o atender a todos os pr\u00e9dios da UFJF. A SMU solicita que os candidatos priorizem o transporte coletivo para evitar engarrafamentos no trajeto, e ressalta que os motoristas que n\u00e3o v\u00e3o conduzir os estudantes que evitem transitar no campus-sede da UFJF e no seu entorno por, pelo menos, uma hora e meia antes do in\u00edcio das provas, que est\u00e3o marcadas para as 13h.<\/p>\n<p>Confira abaixo os hor\u00e1rios especiais elaborados para o Pism \u2013 M\u00f3dulo I:<\/p>\n<p><b>545 \u2013 UFJF<\/b><br \/>\n\u25cf Sa\u00edda do Centro, da Av. Get\u00falio Vargas: 10h, 10h20, 10h40, 11h, 11h20, 11h40, 12h e 12h20.<br \/>\n\u25cf Sa\u00edda da UFJF: 16h e 17h.<\/p>\n<p><b>555 \u2013 UFJF<\/b><br \/>\n\u25cf Sa\u00edda do Centro, da Rua Benjamin Constant n\u00ba790: 10h, 10h20, 10h40, 11h, 11h20, 11h40, 12h e 12h20.<br \/>\n\u25cf Sa\u00edda da UFJF: 16h e 17h.<\/p>\n<p><b>Linha 545 \u2013 Itiner\u00e1rio Centro\/UFJF:<\/b><br \/>\nAv. Presidente Get\u00falio Vargas n\u00ba 301 (Ponto Final), Av. Presidente Itamar Franco, Rua Local da UFJF (Anel Vi\u00e1rio), Faculdade de Odontologia, Faculdade de Economia, Novo ICH, Rua Local da UFJF (Anel Vi\u00e1rio), Faculdade de Direito, Rua Local da UFJF(Anel Vi\u00e1rio), Faculdade de Engenharia, Rua Local da UFJF (Anel Vi\u00e1rio), Acesso \u00e0 Faculdade de Educa\u00e7\u00e3o F\u00edsica (Ponto Final).<\/p>\n<p><b>Linha 545 \u2013 Itiner\u00e1rio UFJF\/Centro:<\/b><br \/>\nAcesso \u00e0 Faculdade de Educa\u00e7\u00e3o F\u00edsica (Ponto Final), Rua Local da UFJF (Anel Vi\u00e1rio), Av. Presidente Itamar Franco, Travessa Doutor Prisco, Rua Jo\u00e3o Pessoa de Rezende, Avenida Francisco Bernardino, Rua S\u00e3o Sebasti\u00e3o, Avenida Presidente Get\u00falio Vargas n\u00ba 301 (Ponto Final).<\/p>\n<p><b>Linha 555 \u2013 Itiner\u00e1rio Centro\/UFJF:<\/b><br \/>\nRua Benjamin Constant n\u00ba 790 Ponto Final, Rua Santo Ant\u00f4nio, Rua Paula Lima, Avenida dos Andradas, Rua Engenheiro Jos\u00e9 Carlos Moraes Sarmento, Rua Engenheiro Gentil Forn, Rua Jos\u00e9 Louren\u00e7o Kelmer, Rua Local da UFJF (Anel Vi\u00e1rio), Faculdade de Engenharia, Rua Local da UFJF (Anel Vi\u00e1rio), Faculdade de Odontologia, Faculdade de Economia, Novo ICH, Rua Local da UFJF (Anel Vi\u00e1rio), Faculdade de Direito, Rua Local da UFJF (Anel Vi\u00e1rio), Reitoria &#8211; Ponto Final.<\/p>\n<p><b>Linha 555 \u2013 Itiner\u00e1rio UFJF\/Centro:<\/b><br \/>\nRua Local da UFJF (Anel Vi\u00e1rio), Reitoria (Ponto Final), Rua Jos\u00e9 Louren\u00e7o Kelmer, Rua Engenheiro Gentil Forn, Rua Engenheiro Jos\u00e9 Carlos Moraes Sarmento, Avenida dos Andradas, Rua Silva Jardim, Avenida Bar\u00e3o do Rio Branco, Rua Afonso Pinto da Mota, Avenida Presidente Get\u00falio Vargas, Travessa Doutor Prisco, Rua Jo\u00e3o Pessoa de Rezende, Avenida Francisco Bernardino Rua Benjamin Constant n\u00ba 790 (Ponto Final).<\/p>\n","protected":false},"excerpt":{"rendered":"<p>A Secretaria de Mobilidade Urbana (SMU) montou um esquema especial de hor\u00e1rios das linhas 545 e 555, ambas Universidade, para atender aos inscritos no Processo de Ingresso Seletivo Misto (Pism) &#8211; M\u00f3dulo I, que ser\u00e1 realizado neste s\u00e1bado, 10, e domingo, 11, pela Universidade Federal de Juiz de Fora (UFJF). Nos dois dias, os hor\u00e1rios [&hellip;]<\/p>\n","protected":false},"author":246,"featured_media":185150,"comment_status":"closed","ping_status":"closed","sticky":false,"template":"","format":"standard","meta":{"footnotes":""},"categories":[253,440,439],"tags":[],"class_list":["post-185149","post","type-post","status-publish","format-standard","has-post-thumbnail","hentry","category-cidade","category-destaques-do-dia","category-ultima-hora"],"_links":{"self":[{"href":"https:\/\/diarioregionaldigital.com.br\/index.php?rest_route=\/wp\/v2\/posts\/185149","targetHints":{"allow":["GET"]}}],"collection":[{"href":"https:\/\/diarioregionaldigital.com.br\/index.php?rest_route=\/wp\/v2\/posts"}],"about":[{"href":"https:\/\/diarioregionaldigital.com.br\/index.php?rest_route=\/wp\/v2\/types\/post"}],"author":[{"embeddable":true,"href":"https:\/\/diarioregionaldigital.com.br\/index.php?rest_route=\/wp\/v2\/users\/246"}],"replies":[{"embeddable":true,"href":"https:\/\/diarioregionaldigital.com.br\/index.php?rest_route=%2Fwp%2Fv2%2Fcomments&post=185149"}],"version-history":[{"count":1,"href":"https:\/\/diarioregionaldigital.com.br\/index.php?rest_route=\/wp\/v2\/posts\/185149\/revisions"}],"predecessor-version":[{"id":185151,"href":"https:\/\/diarioregionaldigital.com.br\/index.php?rest_route=\/wp\/v2\/posts\/185149\/revisions\/185151"}],"wp:featuredmedia":[{"embeddable":true,"href":"https:\/\/diarioregionaldigital.com.br\/index.php?rest_route=\/wp\/v2\/media\/185150"}],"wp:attachment":[{"href":"https:\/\/diarioregionaldigital.com.br\/index.php?rest_route=%2Fwp%2Fv2%2Fmedia&parent=185149"}],"wp:term":[{"taxonomy":"category","embeddable":true,"href":"https:\/\/diarioregionaldigital.com.br\/index.php?rest_route=%2Fwp%2Fv2%2Fcategories&post=185149"},{"taxonomy":"post_tag","embeddable":true,"href":"https:\/\/diarioregionaldigital.com.br\/index.php?rest_route=%2Fwp%2Fv2%2Ftags&post=185149"}],"curies":[{"name":"wp","href":"https:\/\/api.w.org\/{rel}","templated":true}]}}