{"id":185143,"date":"2021-07-09T19:59:27","date_gmt":"2021-07-09T22:59:27","guid":{"rendered":"https:\/\/diarioregionaldigital.com.br\/?p=185143"},"modified":"2021-07-09T19:59:27","modified_gmt":"2021-07-09T22:59:27","slug":"atletismo-joao-henrique-falcao-garante-vaga-no-4x400m-misto-em-toquio","status":"publish","type":"post","link":"https:\/\/diarioregionaldigital.com.br\/?p=185143","title":{"rendered":"Atletismo: Jo\u00e3o Henrique Falc\u00e3o garante vaga no 4x400m misto em T\u00f3quio"},"content":{"rendered":"<p>A Confedera\u00e7\u00e3o Brasileira de Atletismo (CBAt) confirmou nesta sexta-feira (9) a presen\u00e7a do velocista piauiense Jo\u00e3o Henrique Falc\u00e3o na Olimp\u00edada de T\u00f3quio Jap\u00e3o). Ele herdou a vaga no revezamento 4 x 400m misto do atleta Lucas Carvalho que escolheu disputar apenas os 400m. Os demais classificados para o revezamento 4 x 400m misto s\u00e3o Geisa Coutinho, Tabata Vitorino, Tiffani Marinho, Anderson Henriques e Pedro Burmann.\u00a0<img decoding=\"async\" src=\"https:\/\/agenciabrasil.ebc.com.br\/ebc.png?id=1415102&amp;o=node\" \/><img decoding=\"async\" src=\"https:\/\/agenciabrasil.ebc.com.br\/ebc.gif?id=1415102&amp;o=node\" \/><\/p>\n<p>Com a confirma\u00e7\u00e3o de Jo\u00e3o Henrique, de 22 anos, a delega\u00e7\u00e3o de atletismo conta agora com 54 atletas &#8211; sendo 20 mulheres e 34 homens -,\u00a0o maior n\u00famero de competidores entre as\u00a0<a href=\"https:\/\/www.cob.org.br\/pt\/toquio-2020\/vagas-confirmadas\">311 vagas garantidas\u00a0<\/a>pelo pa\u00eds em T\u00f3quio 2020.<\/p>\n<p>A prova revezamento 4 x 400m misto ser\u00e1 disputada pela primeira vez em Olimp\u00edadas. No in\u00edcio de junho, Jo\u00e3o Henrique faturou a medalha de ouro no revezamento masculino 4 x 400m no Campeonato Sul-Americano, em Guaiaquil (Equador), junto com Bruno Lins, Lucas Carvalho e Pedro Burmann.<\/p>\n<p>As disputas do atletismo ocorrem entre 29 de julho e 8 de agosto no est\u00e1dio Ol\u00edmpico de T\u00f3quio e no Sapporo Odori Park, na cidade de Sapporo, a 800 quil\u00f4metros da capital japonesa.<br \/>\n<span style=\"font-weight: 400;\"><br \/>\n<\/span><span style=\"font-weight: 400;\">Fonte:\u00a0 Ag\u00eancia Brasil <\/span><\/p>\n","protected":false},"excerpt":{"rendered":"<p>A Confedera\u00e7\u00e3o Brasileira de Atletismo (CBAt) confirmou nesta sexta-feira (9) a presen\u00e7a do velocista piauiense Jo\u00e3o Henrique Falc\u00e3o na Olimp\u00edada de T\u00f3quio Jap\u00e3o). Ele herdou a vaga no revezamento 4 x 400m misto do atleta Lucas Carvalho que escolheu disputar apenas os 400m. Os demais classificados para o revezamento 4 x 400m misto s\u00e3o Geisa [&hellip;]<\/p>\n","protected":false},"author":246,"featured_media":185144,"comment_status":"closed","ping_status":"closed","sticky":false,"template":"","format":"standard","meta":{"footnotes":""},"categories":[257,439],"tags":[],"class_list":["post-185143","post","type-post","status-publish","format-standard","has-post-thumbnail","hentry","category-esporte","category-ultima-hora"],"_links":{"self":[{"href":"https:\/\/diarioregionaldigital.com.br\/index.php?rest_route=\/wp\/v2\/posts\/185143","targetHints":{"allow":["GET"]}}],"collection":[{"href":"https:\/\/diarioregionaldigital.com.br\/index.php?rest_route=\/wp\/v2\/posts"}],"about":[{"href":"https:\/\/diarioregionaldigital.com.br\/index.php?rest_route=\/wp\/v2\/types\/post"}],"author":[{"embeddable":true,"href":"https:\/\/diarioregionaldigital.com.br\/index.php?rest_route=\/wp\/v2\/users\/246"}],"replies":[{"embeddable":true,"href":"https:\/\/diarioregionaldigital.com.br\/index.php?rest_route=%2Fwp%2Fv2%2Fcomments&post=185143"}],"version-history":[{"count":1,"href":"https:\/\/diarioregionaldigital.com.br\/index.php?rest_route=\/wp\/v2\/posts\/185143\/revisions"}],"predecessor-version":[{"id":185145,"href":"https:\/\/diarioregionaldigital.com.br\/index.php?rest_route=\/wp\/v2\/posts\/185143\/revisions\/185145"}],"wp:featuredmedia":[{"embeddable":true,"href":"https:\/\/diarioregionaldigital.com.br\/index.php?rest_route=\/wp\/v2\/media\/185144"}],"wp:attachment":[{"href":"https:\/\/diarioregionaldigital.com.br\/index.php?rest_route=%2Fwp%2Fv2%2Fmedia&parent=185143"}],"wp:term":[{"taxonomy":"category","embeddable":true,"href":"https:\/\/diarioregionaldigital.com.br\/index.php?rest_route=%2Fwp%2Fv2%2Fcategories&post=185143"},{"taxonomy":"post_tag","embeddable":true,"href":"https:\/\/diarioregionaldigital.com.br\/index.php?rest_route=%2Fwp%2Fv2%2Ftags&post=185143"}],"curies":[{"name":"wp","href":"https:\/\/api.w.org\/{rel}","templated":true}]}}