{"id":185140,"date":"2021-07-09T19:55:37","date_gmt":"2021-07-09T22:55:37","guid":{"rendered":"https:\/\/diarioregionaldigital.com.br\/?p=185140"},"modified":"2021-07-09T19:55:37","modified_gmt":"2021-07-09T22:55:37","slug":"jejum-de-titulos-da-argentina-nao-pesa-em-final-com-o-brasil-diz-tite","status":"publish","type":"post","link":"https:\/\/diarioregionaldigital.com.br\/?p=185140","title":{"rendered":"Jejum de t\u00edtulos da Argentina n\u00e3o pesa em final com o Brasil, diz Tite"},"content":{"rendered":"<p>Os 28 anos de seca da Argentina sem conquistar um t\u00edtulo importante n\u00e3o ter\u00e3o influ\u00eancia na final da Copa Am\u00e9rica contra o Brasil, neste s\u00e1bado (10), no Maracan\u00e3, disse o t\u00e9cnico Tite nesta sexta-feira (9).<\/p>\n<p>Os dois gigantes sul-americanos se enfrentar\u00e3o no Rio de Janeiro com a longa seca na Argentina mais uma vez no centro das conversas.<\/p>\n<p>Os visitantes n\u00e3o conquistam um t\u00edtulo importante desde a Copa Am\u00e9rica de 1993, e seu melhor jogador, Lionel Messi, nunca ganhou um trof\u00e9u importante jogando pela sele\u00e7\u00e3o nacional.<\/p>\n<p>&#8220;Isso \u00e9 passado, quando a gente fica olhando para passado n\u00e3o \u00e9 refer\u00eancia&#8221;, disse Tite sobre a seca argentina. &#8220;N\u00f3s estamos invictos na Copa Am\u00e9rica, os n\u00fameros s\u00e3o os melhores das duas Copas Am\u00e9ricas, ent\u00e3o n\u00e3o vejo significado maior.&#8221;<\/p>\n<p>A expectativa e as brincadeiras aumentaram em ambos os lados. Na quinta (8), o presidente Jair Bolsonaro disse ao presidente argentino, Alberto Fern\u00e1ndez, que o Brasil venceria por 5 a 0, mas Tite minimizou os jogos mentais.<\/p>\n<p>&#8220;\u00c9 uma maratona mental que n\u00f3s enfrentamos&#8221;, disse. &#8220;Nosso jogo \u00e9 diferente do jogo da imprensa, do torcedor, no que se refere a prepara\u00e7\u00e3o, treinamento, e estar concentrado&#8221;, afirmou. &#8220;N\u00e3o dizendo que n\u00e3o seja importante, elas s\u00e3o importantes, mas com outro vi\u00e9s, de quem analisa sob um outro contexto. Por n\u00f3s \u00e9 da provoca\u00e7\u00e3o, da tirada de onda, dos enfrentamentos, da hist\u00f3ria de enfrentamento em equipes de um e outro. Mas n\u00e3o \u00e9 a ess\u00eancia, a ess\u00eancia \u00e9 do trabalho, do dia a dia, de nos prepararmos para fazer um grande jogo.&#8221;<\/p>\n<p>O Brasil entrar\u00e1 em campo sem Gabriel Jesus, que est\u00e1 suspenso, e o lateral Alex Sandro passar\u00e1 por um \u00faltimo teste f\u00edsico.<\/p>\n<p>Tite foi t\u00edmido quando questionado sobre como marcar Messi.<\/p>\n<p>&#8220;Eu sei, mas n\u00e3o vou dizer&#8221;, disse ele a um rep\u00f3rter, antes de acrescentar, &#8220;a gente n\u00e3o neutraliza, a gente diminui a\u00e7\u00f5es do advers\u00e1rio&#8221;.<span style=\"font-weight: 400;\"><br \/>\n<\/span><span style=\"font-weight: 400;\"><br \/>\n<\/span><span style=\"font-weight: 400;\">Fonte:\u00a0 Ag\u00eancia Brasil <\/span><\/p>\n","protected":false},"excerpt":{"rendered":"<p>Os 28 anos de seca da Argentina sem conquistar um t\u00edtulo importante n\u00e3o ter\u00e3o influ\u00eancia na final da Copa Am\u00e9rica contra o Brasil, neste s\u00e1bado (10), no Maracan\u00e3, disse o t\u00e9cnico Tite nesta sexta-feira (9). Os dois gigantes sul-americanos se enfrentar\u00e3o no Rio de Janeiro com a longa seca na Argentina mais uma vez no [&hellip;]<\/p>\n","protected":false},"author":246,"featured_media":185141,"comment_status":"closed","ping_status":"closed","sticky":false,"template":"","format":"standard","meta":{"footnotes":""},"categories":[436,257,439],"tags":[],"class_list":["post-185140","post","type-post","status-publish","format-standard","has-post-thumbnail","hentry","category-destaque-da-semana","category-esporte","category-ultima-hora"],"_links":{"self":[{"href":"https:\/\/diarioregionaldigital.com.br\/index.php?rest_route=\/wp\/v2\/posts\/185140","targetHints":{"allow":["GET"]}}],"collection":[{"href":"https:\/\/diarioregionaldigital.com.br\/index.php?rest_route=\/wp\/v2\/posts"}],"about":[{"href":"https:\/\/diarioregionaldigital.com.br\/index.php?rest_route=\/wp\/v2\/types\/post"}],"author":[{"embeddable":true,"href":"https:\/\/diarioregionaldigital.com.br\/index.php?rest_route=\/wp\/v2\/users\/246"}],"replies":[{"embeddable":true,"href":"https:\/\/diarioregionaldigital.com.br\/index.php?rest_route=%2Fwp%2Fv2%2Fcomments&post=185140"}],"version-history":[{"count":1,"href":"https:\/\/diarioregionaldigital.com.br\/index.php?rest_route=\/wp\/v2\/posts\/185140\/revisions"}],"predecessor-version":[{"id":185142,"href":"https:\/\/diarioregionaldigital.com.br\/index.php?rest_route=\/wp\/v2\/posts\/185140\/revisions\/185142"}],"wp:featuredmedia":[{"embeddable":true,"href":"https:\/\/diarioregionaldigital.com.br\/index.php?rest_route=\/wp\/v2\/media\/185141"}],"wp:attachment":[{"href":"https:\/\/diarioregionaldigital.com.br\/index.php?rest_route=%2Fwp%2Fv2%2Fmedia&parent=185140"}],"wp:term":[{"taxonomy":"category","embeddable":true,"href":"https:\/\/diarioregionaldigital.com.br\/index.php?rest_route=%2Fwp%2Fv2%2Fcategories&post=185140"},{"taxonomy":"post_tag","embeddable":true,"href":"https:\/\/diarioregionaldigital.com.br\/index.php?rest_route=%2Fwp%2Fv2%2Ftags&post=185140"}],"curies":[{"name":"wp","href":"https:\/\/api.w.org\/{rel}","templated":true}]}}