{"id":185137,"date":"2021-07-09T19:52:07","date_gmt":"2021-07-09T22:52:07","guid":{"rendered":"https:\/\/diarioregionaldigital.com.br\/?p=185137"},"modified":"2021-07-09T20:29:27","modified_gmt":"2021-07-09T23:29:27","slug":"alison-dos-santos-conquista-a-prata-em-monaco-na-ultima-prova-antes-de-toquio","status":"publish","type":"post","link":"https:\/\/diarioregionaldigital.com.br\/?p=185137","title":{"rendered":"Alison dos Santos conquista a prata em M\u00f4naco na \u00faltima prova antes de T\u00f3quio"},"content":{"rendered":"<p>O paulista Alison dos Santos (Pinheiros) conseguiu mais um \u00f3timo resultado na temporada 2021. Ele ficou em segundo lugar nesta sexta-feira (9.07) na prova dos 400m com barreiras na sexta etapa da Liga Diamante, o principal circuito de competi\u00e7\u00f5es do mundo, disputada em M\u00f4naco.<\/p>\n<p>Ele completou a prova em 47s51, a terceira melhor marca da carreira. Depois de quebrar quatro vezes o recorde sul-americano \u2013 a \u00faltima em Estocolmo, na Su\u00e9cia, no dia 4 de julho, com 47s34 -, ele encerrou as competi\u00e7\u00f5es preparat\u00f3rias para os Jogos Ol\u00edmpicos de T\u00f3quio. Ele disputa as eliminat\u00f3rias dos 400m com barreiras na capital japonesa na noite de 29 de julho, no hor\u00e1rio de Bras\u00edlia.<\/p>\n<p>Aos 21 anos, Alison s\u00f3 foi superado na prova desta sexta-feira pelo noruegu\u00eas Karsten Warholm, recordista mundial da prova, que correu a dist\u00e2ncia em 47s08. Rasmus Magi, da Est\u00f4nia, ficou em terceiro lugar, com 48s83.<\/p>\n<p>Com o resultado, o brasileiro de S\u00e3o Joaquim da Barra manteve a regularidade na Liga Diamante, depois de pontuar tamb\u00e9m nas etapas de Doha, Oslo e Estocolmo. Ele mant\u00e9m a lideran\u00e7a da especialidade no circuito.<\/p>\n<p>Alison \u00e9 integrante da categoria P\u00f3dio, a principal do Bolsa Atleta, programa de patroc\u00ednio individual do Governo Federal Brasileiro, executado pela Secretaria Especial do Esporte do Minist\u00e9rio da Cidadania. Dos 53 atletas qualificados para os Jogos Ol\u00edmpicos no atletismo, 50 integram atualmente o programa.<\/p>\n<p>Agora, o atleta retorna para Rio Maior, em Portugal, acompanhado do t\u00e9cnico Felipe de Siqueira para a \u00faltima semana de treinos antes de viajar para o Jap\u00e3o. \u201cForam tr\u00eas competi\u00e7\u00f5es importantes em seguida \u2013 Oslo, Estocolmo e M\u00f4naco. Pudemos fazer ajustes. Agora vamos para os acertos finais antes da estreia na Olimp\u00edada\u201d, disse Felipe.<\/p>\n<p>No salto triplo, a mineira Nubia Soares, tamb\u00e9m convocada para os Jogos de T\u00f3quio, terminou em oitavo lugar, com 14,11m. A vit\u00f3ria foi da jamaicana Shanieka Ricketts, com 14,75m.<\/p>\n<p>Fonte: Confedera\u00e7\u00e3o Brasileira de Atletismo<\/p>\n","protected":false},"excerpt":{"rendered":"<p>O paulista Alison dos Santos (Pinheiros) conseguiu mais um \u00f3timo resultado na temporada 2021. Ele ficou em segundo lugar nesta sexta-feira (9.07) na prova dos 400m com barreiras na sexta etapa da Liga Diamante, o principal circuito de competi\u00e7\u00f5es do mundo, disputada em M\u00f4naco. Ele completou a prova em 47s51, a terceira melhor marca da [&hellip;]<\/p>\n","protected":false},"author":246,"featured_media":185138,"comment_status":"closed","ping_status":"closed","sticky":false,"template":"","format":"standard","meta":{"footnotes":""},"categories":[436,440,257,439],"tags":[],"class_list":["post-185137","post","type-post","status-publish","format-standard","has-post-thumbnail","hentry","category-destaque-da-semana","category-destaques-do-dia","category-esporte","category-ultima-hora"],"_links":{"self":[{"href":"https:\/\/diarioregionaldigital.com.br\/index.php?rest_route=\/wp\/v2\/posts\/185137","targetHints":{"allow":["GET"]}}],"collection":[{"href":"https:\/\/diarioregionaldigital.com.br\/index.php?rest_route=\/wp\/v2\/posts"}],"about":[{"href":"https:\/\/diarioregionaldigital.com.br\/index.php?rest_route=\/wp\/v2\/types\/post"}],"author":[{"embeddable":true,"href":"https:\/\/diarioregionaldigital.com.br\/index.php?rest_route=\/wp\/v2\/users\/246"}],"replies":[{"embeddable":true,"href":"https:\/\/diarioregionaldigital.com.br\/index.php?rest_route=%2Fwp%2Fv2%2Fcomments&post=185137"}],"version-history":[{"count":1,"href":"https:\/\/diarioregionaldigital.com.br\/index.php?rest_route=\/wp\/v2\/posts\/185137\/revisions"}],"predecessor-version":[{"id":185139,"href":"https:\/\/diarioregionaldigital.com.br\/index.php?rest_route=\/wp\/v2\/posts\/185137\/revisions\/185139"}],"wp:featuredmedia":[{"embeddable":true,"href":"https:\/\/diarioregionaldigital.com.br\/index.php?rest_route=\/wp\/v2\/media\/185138"}],"wp:attachment":[{"href":"https:\/\/diarioregionaldigital.com.br\/index.php?rest_route=%2Fwp%2Fv2%2Fmedia&parent=185137"}],"wp:term":[{"taxonomy":"category","embeddable":true,"href":"https:\/\/diarioregionaldigital.com.br\/index.php?rest_route=%2Fwp%2Fv2%2Fcategories&post=185137"},{"taxonomy":"post_tag","embeddable":true,"href":"https:\/\/diarioregionaldigital.com.br\/index.php?rest_route=%2Fwp%2Fv2%2Ftags&post=185137"}],"curies":[{"name":"wp","href":"https:\/\/api.w.org\/{rel}","templated":true}]}}