{"id":185128,"date":"2021-07-09T19:27:42","date_gmt":"2021-07-09T22:27:42","guid":{"rendered":"https:\/\/diarioregionaldigital.com.br\/?p=185128"},"modified":"2021-07-09T19:27:42","modified_gmt":"2021-07-09T22:27:42","slug":"nova-remessa-vai-imunizar-caminhoneiros-trabalhadores-da-industria-e-pessoas-com-55-a-59-anos","status":"publish","type":"post","link":"https:\/\/diarioregionaldigital.com.br\/?p=185128","title":{"rendered":"Nova remessa vai imunizar caminhoneiros, trabalhadores da ind\u00fastria e pessoas com 55 a 59 anos"},"content":{"rendered":"<p>Minas Gerais recebeu, nesta sexta-feira (9\/7), o 29\u00ba lote de vacinas contra a covid-19. S\u00e3o 351.040 doses para dar continuidade \u00e0 imuniza\u00e7\u00e3o dos mineiros, sendo 79.600 doses da CoronaVac e 271.440 doses da Pfizer. Os imunizantes desembarcaram no Aeroporto Internacional de Belo Horizonte, em Confins, de onde foram encaminhados para a Central Estadual de Rede de Frio da\u00a0<a href=\"http:\/\/www.saude.mg.gov.br\/\" target=\"_blank\" rel=\"noopener\">Secretaria de Estado de Sa\u00fade (SES-MG)<\/a>.<\/p>\n<p>As 79.600 doses de vacina da CoronaVac ser\u00e3o destinadas \u00e0 imuniza\u00e7\u00e3o dos caminhoneiros e \u00e0 popula\u00e7\u00e3o de 55 a 59 anos. J\u00e1 os imunizantes da Pfizer ser\u00e3o utilizados para aplica\u00e7\u00e3o em trabalhadores da ind\u00fastria e para a popula\u00e7\u00e3o de 55 a 59 anos.<\/p>\n<p><a href=\"http:\/\/www.agenciaminas.mg.gov.br\/ckeditor_assets\/attachments\/11526\/vacinas_covid_-29_pauta_de_distribuicao_final_09-07-2021.xlsx\" target=\"_blank\" rel=\"noopener\">Clique aqui<\/a>\u00a0para acessar a tabela com o detalhamento da distribui\u00e7\u00e3o das vacinas\u00a0Pfizer e\u00a0Coronavac (Arquivo em formato .XLSX).<\/p>\n<p><strong>Log\u00edstica<\/strong><\/p>\n<p>Os imunizantes CoronaVac e Pfizer ser\u00e3o distribu\u00eddos para as 28 regionais de sa\u00fade. A log\u00edstica de distribui\u00e7\u00e3o faz parte da maior opera\u00e7\u00e3o de vacina\u00e7\u00e3o da hist\u00f3ria de Minas Gerais.<\/p>\n<p>A Unidade Regional de Sa\u00fade de Belo Horizonte recebeu nesta sexta-feira a remessa destinada aos munic\u00edpios de sua abrang\u00eancia.<\/p>\n<p>Neste s\u00e1bado (10\/7), a opera\u00e7\u00e3o de distribui\u00e7\u00e3o continua com a entrega para as regionais de Alfenas, Barbacena, Cel. Fabriciano, Governador Valadares, Itabira, Passos, Pedra Azul, S\u00e3o Jo\u00e3o del-Rei, Te\u00f3filo Otoni e Varginha.<\/p>\n<p>Na pr\u00f3xima segunda-feira (12\/7), ser\u00e1 a vez das Unidades Regionais de Sa\u00fade (URSs) de Diamantina, Divin\u00f3polis, Ituiutaba, Janu\u00e1ria, Juiz de Fora, Leopoldina, Manhua\u00e7u, Montes Claros, Patos de Minas, Pirapora, Ponte Nova, Sete Lagoas, Ub\u00e1, Uberaba e Uberl\u00e2ndia &#8211; que recebem\u00a0as vacinas por\u00a0via terrestre e por via a\u00e9rea.<\/p>\n<p><span style=\"font-weight: 400;\">Fonte: Ag\u00eancia Minas<\/span><\/p>\n","protected":false},"excerpt":{"rendered":"<p>Minas Gerais recebeu, nesta sexta-feira (9\/7), o 29\u00ba lote de vacinas contra a covid-19. S\u00e3o 351.040 doses para dar continuidade \u00e0 imuniza\u00e7\u00e3o dos mineiros, sendo 79.600 doses da CoronaVac e 271.440 doses da Pfizer. Os imunizantes desembarcaram no Aeroporto Internacional de Belo Horizonte, em Confins, de onde foram encaminhados para a Central Estadual de Rede [&hellip;]<\/p>\n","protected":false},"author":246,"featured_media":185129,"comment_status":"closed","ping_status":"closed","sticky":false,"template":"","format":"standard","meta":{"footnotes":""},"categories":[436,254,439],"tags":[],"class_list":["post-185128","post","type-post","status-publish","format-standard","has-post-thumbnail","hentry","category-destaque-da-semana","category-politica","category-ultima-hora"],"_links":{"self":[{"href":"https:\/\/diarioregionaldigital.com.br\/index.php?rest_route=\/wp\/v2\/posts\/185128","targetHints":{"allow":["GET"]}}],"collection":[{"href":"https:\/\/diarioregionaldigital.com.br\/index.php?rest_route=\/wp\/v2\/posts"}],"about":[{"href":"https:\/\/diarioregionaldigital.com.br\/index.php?rest_route=\/wp\/v2\/types\/post"}],"author":[{"embeddable":true,"href":"https:\/\/diarioregionaldigital.com.br\/index.php?rest_route=\/wp\/v2\/users\/246"}],"replies":[{"embeddable":true,"href":"https:\/\/diarioregionaldigital.com.br\/index.php?rest_route=%2Fwp%2Fv2%2Fcomments&post=185128"}],"version-history":[{"count":1,"href":"https:\/\/diarioregionaldigital.com.br\/index.php?rest_route=\/wp\/v2\/posts\/185128\/revisions"}],"predecessor-version":[{"id":185130,"href":"https:\/\/diarioregionaldigital.com.br\/index.php?rest_route=\/wp\/v2\/posts\/185128\/revisions\/185130"}],"wp:featuredmedia":[{"embeddable":true,"href":"https:\/\/diarioregionaldigital.com.br\/index.php?rest_route=\/wp\/v2\/media\/185129"}],"wp:attachment":[{"href":"https:\/\/diarioregionaldigital.com.br\/index.php?rest_route=%2Fwp%2Fv2%2Fmedia&parent=185128"}],"wp:term":[{"taxonomy":"category","embeddable":true,"href":"https:\/\/diarioregionaldigital.com.br\/index.php?rest_route=%2Fwp%2Fv2%2Fcategories&post=185128"},{"taxonomy":"post_tag","embeddable":true,"href":"https:\/\/diarioregionaldigital.com.br\/index.php?rest_route=%2Fwp%2Fv2%2Ftags&post=185128"}],"curies":[{"name":"wp","href":"https:\/\/api.w.org\/{rel}","templated":true}]}}