{"id":185125,"date":"2021-07-09T19:23:35","date_gmt":"2021-07-09T22:23:35","guid":{"rendered":"https:\/\/diarioregionaldigital.com.br\/?p=185125"},"modified":"2021-07-09T19:23:35","modified_gmt":"2021-07-09T22:23:35","slug":"zema-visita-polo-automotivo-da-fiat-em-betim-e-reafirma-o-compromisso-de-atrair-investimentos-e-gerar-empregos","status":"publish","type":"post","link":"https:\/\/diarioregionaldigital.com.br\/?p=185125","title":{"rendered":"Zema visita Polo Automotivo da Fiat, em Betim, e reafirma o compromisso de atrair investimentos e gerar empregos"},"content":{"rendered":"<p>O governador Romeu Zema visitou, nesta sexta-feira (9\/7), o Polo Automotivo da Fiat, em Betim, que completa 45 anos de hist\u00f3ria. A unidade mineira foi a primeira do pa\u00eds a se instalar fora do cintur\u00e3o industrial paulista e \u00e9 a maior f\u00e1brica de ve\u00edculos da Am\u00e9rica Latina.<\/p>\n<p>Durante a visita, Zema conheceu a nova f\u00e1brica de motores e a linha de produ\u00e7\u00e3o do primeiro SUV desenvolvido e fabricado em Betim, o Fiat Pulse, que ainda ser\u00e1 lan\u00e7ado. O governador enalteceu a confian\u00e7a da empresa em Minas Gerais e reafirmou o compromisso do governo de atrair investimentos e gerar empregos no estado.<\/p>\n<p>\u201c\u00c9 um prazer saber que uma empresa t\u00e3o grande como a Fiat, t\u00e3o respeitada, est\u00e1 acreditando no nosso Estado, est\u00e1 investindo. Isso prova que a nossa gest\u00e3o \u00e9 respons\u00e1vel, que tem credibilidade e est\u00e1 batendo todos os recordes de atra\u00e7\u00e3o de investimento. Que muitos outros venham, como fez a Fiat\u201d, disse.<\/p>\n<p><main class=\"clear margin-md-bottom-3\"><\/p>\n<div class=\"clear \">\n<p>O presidente da FCA na Am\u00e9rica Latina, Ant\u00f4nio Filosa, comemorou os bons resultados da empresa e lembrou que o incentivo do\u00a0<a href=\"http:\/\/www.mg.gov.br\/\" target=\"_blank\" rel=\"noopener\">Governo de Minas<\/a>\u00a0\u00e9 fundamental para o crescimento.<\/p>\n<p>\u201c\u00c9 uma grande honra estar aqui com o governador, que tem apoiado o desenvolvimento industrial do Estado. Somos um polo industrial estrat\u00e9gico para Minas e ele tem delegado tempo, aten\u00e7\u00e3o e muito esfor\u00e7o para trazer investimentos. A visita de hoje demonstra que, ap\u00f3s 45 anos, somos cada vez mais uma empresa que quer investir em Minas. Espero ter cada vez mais desenvolvimento, empregos, fornecedores e tecnologias chegando ao Estado\u201d, afirmou.<\/p>\n<p>No primeiro semestre do ano, a Fiat foi a marca mais vendida no pa\u00eds, com 22,1% de participa\u00e7\u00e3o de mercado. Tamb\u00e9m foi a marca l\u00edder na Am\u00e9rica do Sul no per\u00edodo, com 14,8% de participa\u00e7\u00e3o nas vendas totais. Da f\u00e1brica em Betim saem os modelos de ve\u00edculos que est\u00e3o entre os mais vendidos no Brasil, como a picape Fiat Strada, o Argo e o Mobi.<\/p>\n<p>Tamb\u00e9m participaram da visita\u00a0<a href=\"http:\/\/www.secretariageral.mg.gov.br\/\" target=\"_blank\" rel=\"noopener\">secret\u00e1rio-geral<\/a>, Mateus Sim\u00f5es; o prefeito de Betim, Vittorio Medioli; o presidente da Fiemg, Fl\u00e1vio Roscoe; entre outras autoridades.<\/p>\n<p><span style=\"font-weight: 400;\">Fonte: Ag\u00eancia Minas<\/span><\/p>\n<\/div>\n<p><\/main><\/p>\n","protected":false},"excerpt":{"rendered":"<p>O governador Romeu Zema visitou, nesta sexta-feira (9\/7), o Polo Automotivo da Fiat, em Betim, que completa 45 anos de hist\u00f3ria. A unidade mineira foi a primeira do pa\u00eds a se instalar fora do cintur\u00e3o industrial paulista e \u00e9 a maior f\u00e1brica de ve\u00edculos da Am\u00e9rica Latina. Durante a visita, Zema conheceu a nova f\u00e1brica [&hellip;]<\/p>\n","protected":false},"author":246,"featured_media":185126,"comment_status":"closed","ping_status":"closed","sticky":false,"template":"","format":"standard","meta":{"footnotes":""},"categories":[440,254,439],"tags":[],"class_list":["post-185125","post","type-post","status-publish","format-standard","has-post-thumbnail","hentry","category-destaques-do-dia","category-politica","category-ultima-hora"],"_links":{"self":[{"href":"https:\/\/diarioregionaldigital.com.br\/index.php?rest_route=\/wp\/v2\/posts\/185125","targetHints":{"allow":["GET"]}}],"collection":[{"href":"https:\/\/diarioregionaldigital.com.br\/index.php?rest_route=\/wp\/v2\/posts"}],"about":[{"href":"https:\/\/diarioregionaldigital.com.br\/index.php?rest_route=\/wp\/v2\/types\/post"}],"author":[{"embeddable":true,"href":"https:\/\/diarioregionaldigital.com.br\/index.php?rest_route=\/wp\/v2\/users\/246"}],"replies":[{"embeddable":true,"href":"https:\/\/diarioregionaldigital.com.br\/index.php?rest_route=%2Fwp%2Fv2%2Fcomments&post=185125"}],"version-history":[{"count":1,"href":"https:\/\/diarioregionaldigital.com.br\/index.php?rest_route=\/wp\/v2\/posts\/185125\/revisions"}],"predecessor-version":[{"id":185127,"href":"https:\/\/diarioregionaldigital.com.br\/index.php?rest_route=\/wp\/v2\/posts\/185125\/revisions\/185127"}],"wp:featuredmedia":[{"embeddable":true,"href":"https:\/\/diarioregionaldigital.com.br\/index.php?rest_route=\/wp\/v2\/media\/185126"}],"wp:attachment":[{"href":"https:\/\/diarioregionaldigital.com.br\/index.php?rest_route=%2Fwp%2Fv2%2Fmedia&parent=185125"}],"wp:term":[{"taxonomy":"category","embeddable":true,"href":"https:\/\/diarioregionaldigital.com.br\/index.php?rest_route=%2Fwp%2Fv2%2Fcategories&post=185125"},{"taxonomy":"post_tag","embeddable":true,"href":"https:\/\/diarioregionaldigital.com.br\/index.php?rest_route=%2Fwp%2Fv2%2Ftags&post=185125"}],"curies":[{"name":"wp","href":"https:\/\/api.w.org\/{rel}","templated":true}]}}