{"id":185122,"date":"2021-07-09T19:16:55","date_gmt":"2021-07-09T22:16:55","guid":{"rendered":"https:\/\/diarioregionaldigital.com.br\/?p=185122"},"modified":"2021-07-09T19:16:55","modified_gmt":"2021-07-09T22:16:55","slug":"supermercados-tem-alta-de-532-nas-vendas-ate-maio-diz-abras","status":"publish","type":"post","link":"https:\/\/diarioregionaldigital.com.br\/?p=185122","title":{"rendered":"Supermercados t\u00eam alta de 5,32% nas vendas at\u00e9 maio, diz Abras"},"content":{"rendered":"<p>O setor de supermercados acumula alta real nas vendas de 5,32% (deflacionado pelo \u00cdndice Nacional de Pre\u00e7os ao Consumidor Amplo &#8211; IPCA) no acumulado de janeiro a maio deste ano, comparado a igual per\u00edodo de 2020, de acordo com o \u00cdndice Nacional de Consumo dos Lares Brasileiros, calculado pelo Departamento de Economia e Pesquisa da Associa\u00e7\u00e3o Brasileira de Supermercados (Abras), divulgado nesta quinta-feira (8) pela entidade. Em maio, na compara\u00e7\u00e3o com o mesmo per\u00edodo do ano passado, houve crescimento de 2,88%. Em rela\u00e7\u00e3o a abril deste ano, a alta foi de 1,98%.<img decoding=\"async\" src=\"https:\/\/agenciabrasil.ebc.com.br\/ebc.png?id=1415004&amp;o=node\" \/><img decoding=\"async\" src=\"https:\/\/agenciabrasil.ebc.com.br\/ebc.gif?id=1415004&amp;o=node\" \/><\/p>\n<p>Para a Abras, o desempenho positivo teve influ\u00eancia de um conjunto de fatores. Entre eles, o pagamento da primeira parcela do d\u00e9cimo terceiro sal\u00e1rio para aposentados e pensionistas do Instituto Nacional do Seguro Social (INSS) na segunda quinzena de maio. Foram depositados R$ 25 bilh\u00f5es nas contas de 31 milh\u00f5es de benefici\u00e1rios. Segundo a associa\u00e7\u00e3o, o pagamento do aux\u00edlio emergencial tamb\u00e9m contribuiu para o aumento.<\/p>\n<p>Outro fator citado pela Abras foi o fato de o setor n\u00e3o ter parado, apesar da pandemia de covid-19 e houve planejamento, ressaltou o vice-presidente Institucional da Abras, Marcio Milan. &#8220;O planejamento, feito em 2020 para os primeiros meses de 2021, est\u00e1 sendo realizado e o resultado est\u00e1 aparecendo. S\u00f3 entre abril e maio passados, foram abertas 24 novas lojas no Brasil. E outras 45 passaram por grandes reformas.&#8221;<\/p>\n<p>Com os investimentos houve gera\u00e7\u00e3o de empregos: 30.883 postos de trabalho foram abertos no setor entre janeiro e maio de 2021 e h\u00e1 previs\u00e3o de abertura de pelo menos outras 12 lojas. \u201cO investimento que gera emprego acaba voltando para o pr\u00f3prio setor. Os novos funcion\u00e1rios tamb\u00e9m passam a aplicar parte de sua renda na alimenta\u00e7\u00e3o da fam\u00edlia\u201d, explica Milan.<\/p>\n<p><strong>Produtos mais vendidos<br \/>\n<\/strong><br \/>\nEm maio, o \u00cdndice Abrasmercado, composto por uma cesta de 35 produtos mais vendidos nos supermercados, subiu 1,52% em rela\u00e7\u00e3o a abril. Com isso, a cesta chegou ao valor de R$ 653,42, contra R$ 643,67 do m\u00eas anterior.<\/p>\n<p>A cesta Abrasmercado \u00e9 composta por produtos aliment\u00edcios, incluindo cerveja e refrigerante, de higiene, de beleza e de limpeza dom\u00e9stica.<\/p>\n<p>As maiores altas nos pre\u00e7os da cesta em maio foram: tomate, 7,12%, biscoito cream cracker, 3,58%, carne (corte dianteiro), 3,20%, carne (traseiro) 3,07% e a farinha de trigo, 3,02%.<\/p>\n<p>Entre as principais baixas aparecem: cebola 11,47%, arroz 1,92%, xampu 1,20%, batata 0,86%, feij\u00e3o 0,83% e queijo mu\u00e7arela, 0,83%. Destaque para o tomate que, apesar da alta no m\u00eas, acumula uma queda de pre\u00e7os de 15,24% no ano. Batata com acumulado de quase 30% de queda de janeiro a maio. E para a cebola, a tend\u00eancia \u00e9 mais redu\u00e7\u00e3o de pre\u00e7os nos pr\u00f3ximos meses.<\/p>\n<p>Em maio, as cinco regi\u00f5es do pa\u00eds tiveram alta nos pre\u00e7os da cesta Abrasmercado. A maior oscila\u00e7\u00e3o foi no Sul, 2,1%. A cesta passou de R$ 694,99 para R$ 709,59. O Nordeste veio em segundo lugar, com aumento de 2,01%. Nesta regi\u00e3o, a cesta subiu de R$ 569,78 para R$ 581,26. Nas capitais e principais regi\u00f5es pesquisadas, a cesta s\u00f3 baixou de pre\u00e7o em Jo\u00e3o Pessoa, 0,75%, passando de R$ 557,80 para R$ 553,62. A maior eleva\u00e7\u00e3o no custo da cesta foi em Natal, 6,51%, saindo de R$ 565,81 para R$ 602,65. Em Fortaleza, alta de 2,25%.<\/p>\n<p><strong>Vacina\u00e7\u00e3o e perspectivas<br \/>\n<\/strong><br \/>\nA entidade tem expectativas otimistas para o setor no segundo semestre do ano. Entre os fatores est\u00e1 o pagamento da segunda parcela do d\u00e9cimo terceiro aos benefici\u00e1rios do INSS; a prorroga\u00e7\u00e3o do aux\u00edlio emergencial at\u00e9 outubro e a restitui\u00e7\u00e3o do Imposto de Renda Pessoa F\u00edsica &#8211; s\u00e3o mais R$ 6 bilh\u00f5es pagos aos contribuintes s\u00f3 pela restitui\u00e7\u00e3o.<\/p>\n<p>Para o executivo da Abras, o avan\u00e7o da vacina\u00e7\u00e3o tamb\u00e9m vai reverter o melhor funcionamento da economia, com reflexo sobre o movimento nos supermercados. \u201cA vacina\u00e7\u00e3o traz uma seguran\u00e7a pra a economia como um todo\u201d, disse Marcio Milan durante a coletiva.<\/p>\n<p><span style=\"font-weight: 400;\">Fonte: Ag\u00eancia Brasil <\/span><\/p>\n","protected":false},"excerpt":{"rendered":"<p>O setor de supermercados acumula alta real nas vendas de 5,32% (deflacionado pelo \u00cdndice Nacional de Pre\u00e7os ao Consumidor Amplo &#8211; IPCA) no acumulado de janeiro a maio deste ano, comparado a igual per\u00edodo de 2020, de acordo com o \u00cdndice Nacional de Consumo dos Lares Brasileiros, calculado pelo Departamento de Economia e Pesquisa da [&hellip;]<\/p>\n","protected":false},"author":246,"featured_media":185123,"comment_status":"closed","ping_status":"closed","sticky":false,"template":"","format":"standard","meta":{"footnotes":""},"categories":[436,261,439],"tags":[],"class_list":["post-185122","post","type-post","status-publish","format-standard","has-post-thumbnail","hentry","category-destaque-da-semana","category-economia","category-ultima-hora"],"_links":{"self":[{"href":"https:\/\/diarioregionaldigital.com.br\/index.php?rest_route=\/wp\/v2\/posts\/185122","targetHints":{"allow":["GET"]}}],"collection":[{"href":"https:\/\/diarioregionaldigital.com.br\/index.php?rest_route=\/wp\/v2\/posts"}],"about":[{"href":"https:\/\/diarioregionaldigital.com.br\/index.php?rest_route=\/wp\/v2\/types\/post"}],"author":[{"embeddable":true,"href":"https:\/\/diarioregionaldigital.com.br\/index.php?rest_route=\/wp\/v2\/users\/246"}],"replies":[{"embeddable":true,"href":"https:\/\/diarioregionaldigital.com.br\/index.php?rest_route=%2Fwp%2Fv2%2Fcomments&post=185122"}],"version-history":[{"count":1,"href":"https:\/\/diarioregionaldigital.com.br\/index.php?rest_route=\/wp\/v2\/posts\/185122\/revisions"}],"predecessor-version":[{"id":185124,"href":"https:\/\/diarioregionaldigital.com.br\/index.php?rest_route=\/wp\/v2\/posts\/185122\/revisions\/185124"}],"wp:featuredmedia":[{"embeddable":true,"href":"https:\/\/diarioregionaldigital.com.br\/index.php?rest_route=\/wp\/v2\/media\/185123"}],"wp:attachment":[{"href":"https:\/\/diarioregionaldigital.com.br\/index.php?rest_route=%2Fwp%2Fv2%2Fmedia&parent=185122"}],"wp:term":[{"taxonomy":"category","embeddable":true,"href":"https:\/\/diarioregionaldigital.com.br\/index.php?rest_route=%2Fwp%2Fv2%2Fcategories&post=185122"},{"taxonomy":"post_tag","embeddable":true,"href":"https:\/\/diarioregionaldigital.com.br\/index.php?rest_route=%2Fwp%2Fv2%2Ftags&post=185122"}],"curies":[{"name":"wp","href":"https:\/\/api.w.org\/{rel}","templated":true}]}}