{"id":185116,"date":"2021-07-09T19:11:30","date_gmt":"2021-07-09T22:11:30","guid":{"rendered":"https:\/\/diarioregionaldigital.com.br\/?p=185116"},"modified":"2021-07-09T19:11:30","modified_gmt":"2021-07-09T22:11:30","slug":"taxa-de-inadimplencia-deve-ser-de-404-este-mes-preve-ibevar","status":"publish","type":"post","link":"https:\/\/diarioregionaldigital.com.br\/?p=185116","title":{"rendered":"Taxa de inadimpl\u00eancia deve ser de 4,04% este m\u00eas, prev\u00ea Ibevar"},"content":{"rendered":"<p>A taxa de inadimpl\u00eancia (recursos livres) deve ficar entre 3,77% e 4,31%, com m\u00e9dia estimada de 4,04% para este m\u00eas, segundo pesquisa do Instituto Brasileiro de Executivos de Varejo e Mercado de Consumo (Ibevar).<\/p>\n<p>O resultado reflete uma queda de 0,15 ponto percentual em rela\u00e7\u00e3o ao real valor de maio, e de 0,01 ponto percentual em rela\u00e7\u00e3o ao valor estimado para junho de 2021.<\/p>\n<p>Pelo segundo m\u00eas consecutivo, a inadimpl\u00eancia no pa\u00eds apresentou baixa em rela\u00e7\u00e3o aos per\u00edodos anteriores. Em junho, essa mesma taxa foi de 4,05%, &#8211; 0,18 ponto percentual abaixo do valor calculado para maio.<\/p>\n<p>Para o economista e presidente do Ibevar, Claudio Felisoni de Angelo, essa retra\u00e7\u00e3o cont\u00ednua condiz com o aumento da infla\u00e7\u00e3o, retra\u00e7\u00e3o do mercado de consumo, altos n\u00edveis de desemprego no pa\u00eds e com o fim do aux\u00edlio emergencial.<\/p>\n<p>\u201cMesmo com a reabertura gradual da economia, o cen\u00e1rio ainda \u00e9 de muita incerteza para a maioria dos consumidores brasileiros. Desta maneira, muitas pessoas tiveram que cortar gastos ou poupar o dinheiro para pagar contas. Estes fatores, ligados ao aumento do custo de vida e ao fim do aux\u00edlio emergencial, fizeram com que a inadimpl\u00eancia em julho continuasse a apresentar queda, em rela\u00e7\u00e3o aos per\u00edodos anteriores\u201d, explicou Felisoni.<\/p>\n<p>\u201cOutros fatores coercitivos, que influenciaram no resultado deste m\u00eas, foram o aumento da Selic, o fim dos programas de parcelamentos de alguns bancos e a alta infla\u00e7\u00e3o dos pre\u00e7os nos produtos de bens e consumo do pa\u00eds. Essas quatro situa\u00e7\u00f5es, atreladas ao aumento da taxa b\u00e1sica de juros do Brasil, retraem o consumo e, consequentemente, afetam a renda e gera\u00e7\u00e3o de novas d\u00edvidas pelos consumidores\u201d, acrescentou.<\/p>\n<p><strong>Inadimpl\u00eancia por recursos livres<br \/>\n<\/strong><br \/>\nInadimpl\u00eancia por recursos livres \u00e9 o percentual da carteira de cr\u00e9dito livre do Sistema Financeiro Nacional com pelo menos uma parcela com atraso superior a 90 dias. N\u00e3o inclui opera\u00e7\u00f5es referenciadas em taxas regulamentadas, opera\u00e7\u00f5es vinculadas a recursos do Banco Nacional de Desenvolvimento Econ\u00f4mico e Social (BNDES) ou quaisquer outras lastreadas em recursos compuls\u00f3rios ou governamentais.<\/p>\n<p><span style=\"font-weight: 400;\">Fonte: Ag\u00eancia Brasil<\/span><\/p>\n","protected":false},"excerpt":{"rendered":"<p>A taxa de inadimpl\u00eancia (recursos livres) deve ficar entre 3,77% e 4,31%, com m\u00e9dia estimada de 4,04% para este m\u00eas, segundo pesquisa do Instituto Brasileiro de Executivos de Varejo e Mercado de Consumo (Ibevar). O resultado reflete uma queda de 0,15 ponto percentual em rela\u00e7\u00e3o ao real valor de maio, e de 0,01 ponto percentual [&hellip;]<\/p>\n","protected":false},"author":246,"featured_media":185117,"comment_status":"closed","ping_status":"closed","sticky":false,"template":"","format":"standard","meta":{"footnotes":""},"categories":[436,261,439],"tags":[],"class_list":["post-185116","post","type-post","status-publish","format-standard","has-post-thumbnail","hentry","category-destaque-da-semana","category-economia","category-ultima-hora"],"_links":{"self":[{"href":"https:\/\/diarioregionaldigital.com.br\/index.php?rest_route=\/wp\/v2\/posts\/185116","targetHints":{"allow":["GET"]}}],"collection":[{"href":"https:\/\/diarioregionaldigital.com.br\/index.php?rest_route=\/wp\/v2\/posts"}],"about":[{"href":"https:\/\/diarioregionaldigital.com.br\/index.php?rest_route=\/wp\/v2\/types\/post"}],"author":[{"embeddable":true,"href":"https:\/\/diarioregionaldigital.com.br\/index.php?rest_route=\/wp\/v2\/users\/246"}],"replies":[{"embeddable":true,"href":"https:\/\/diarioregionaldigital.com.br\/index.php?rest_route=%2Fwp%2Fv2%2Fcomments&post=185116"}],"version-history":[{"count":1,"href":"https:\/\/diarioregionaldigital.com.br\/index.php?rest_route=\/wp\/v2\/posts\/185116\/revisions"}],"predecessor-version":[{"id":185118,"href":"https:\/\/diarioregionaldigital.com.br\/index.php?rest_route=\/wp\/v2\/posts\/185116\/revisions\/185118"}],"wp:featuredmedia":[{"embeddable":true,"href":"https:\/\/diarioregionaldigital.com.br\/index.php?rest_route=\/wp\/v2\/media\/185117"}],"wp:attachment":[{"href":"https:\/\/diarioregionaldigital.com.br\/index.php?rest_route=%2Fwp%2Fv2%2Fmedia&parent=185116"}],"wp:term":[{"taxonomy":"category","embeddable":true,"href":"https:\/\/diarioregionaldigital.com.br\/index.php?rest_route=%2Fwp%2Fv2%2Fcategories&post=185116"},{"taxonomy":"post_tag","embeddable":true,"href":"https:\/\/diarioregionaldigital.com.br\/index.php?rest_route=%2Fwp%2Fv2%2Ftags&post=185116"}],"curies":[{"name":"wp","href":"https:\/\/api.w.org\/{rel}","templated":true}]}}