{"id":185112,"date":"2021-07-09T19:08:45","date_gmt":"2021-07-09T22:08:45","guid":{"rendered":"https:\/\/diarioregionaldigital.com.br\/?p=185112"},"modified":"2021-07-09T19:08:45","modified_gmt":"2021-07-09T22:08:45","slug":"barometros-globais-da-economia-estabilizam-em-nivel-elevado","status":"publish","type":"post","link":"https:\/\/diarioregionaldigital.com.br\/?p=185112","title":{"rendered":"Bar\u00f4metros Globais da Economia estabilizam em n\u00edvel elevado"},"content":{"rendered":"<p>Indicadores que permitem analisar o desenvolvimento econ\u00f4mico mundial, os Bar\u00f4metros Econ\u00f4micos Globais recuam em julho. Mesmo com o recuo, os indicadores continuam em patamar elevado, compat\u00edvel com a sustenta\u00e7\u00e3o da fase de recupera\u00e7\u00e3o do n\u00edvel de atividade econ\u00f4mica mundial em 2021. A an\u00e1lise \u00e9 do Instituto Brasileiro de Economia da Funda\u00e7\u00e3o Getulio Vargas (FGV\/Ibre) no documento Bar\u00f4metros Econ\u00f4micos Globais, divulgado hoje (9).<\/p>\n<p>Enquanto o Bar\u00f4metro Coincidente reflete o estado atual da atividade econ\u00f4mica, o Bar\u00f4metro Antecedente emite um sinal c\u00edclico cerca de seis meses \u00e0 frente dos desenvolvimentos econ\u00f4micos reais. Esses indicadores se baseiam nos resultados de pesquisas de tend\u00eancias econ\u00f4micas realizadas em mais de 50 pa\u00edses. A inten\u00e7\u00e3o \u00e9 ter a cobertura global mais ampla poss\u00edvel.<\/p>\n<p>O Bar\u00f4metro Econ\u00f4mico Global Coincidente recuou 8,6 pontos em julho, para 128,6 pontos, ap\u00f3s acumular alta de 42 pontos entre mar\u00e7o e junho. J\u00e1 o Bar\u00f4metro Econ\u00f4mico Global Antecedente recuou 8,7 pontos, para 124,5 pontos.<\/p>\n<p>Segundo o pesquisador do FGV\/Ibre, Paulo Picchetti, o desempenho dos Bar\u00f4metros Globais acumulado desde o in\u00edcio do ano mostra recupera\u00e7\u00e3o consistente ao longo das regi\u00f5es e setores, na esteira da retomada de atividades ligadas a com\u00e9rcio e servi\u00e7os possibilitada pelo avan\u00e7o da imuniza\u00e7\u00e3o.<\/p>\n<p>\u201cPor outro lado, o impacto de alguns desafios sobre os dados correntes e expectativas acarreta o recuo dos Bar\u00f4metros no m\u00eas de julho. Al\u00e9m das preocupa\u00e7\u00f5es sobre variantes do v\u00edrus, as restri\u00e7\u00f5es de oferta por parte de v\u00e1rios insumos fundamentais para a atividade industrial levantam preocupa\u00e7\u00f5es sobre a din\u00e2mica dos pre\u00e7os, e a consequente normaliza\u00e7\u00e3o da pol\u00edtica econ\u00f4mica\u201d, avaliou Picchetti, em nota.<\/p>\n<p><strong>Bar\u00f4metro Coincidente<br \/>\n<\/strong><br \/>\nA regi\u00e3o do Hemisf\u00e9rio Ocidental \u00e9 a que mais contribui para a queda do Bar\u00f4metro Global Coincidente, com 4,2 pontos, seguida pela \u00c1sia, Pac\u00edfico e \u00c1frica e Europa, com 3,3 e 1,1 pontos, respectivamente. A primeira queda dos indicadores regionais desde fevereiro passado pode ser vista como uma desacelera\u00e7\u00e3o da taxa de crescimento interanual da economia global neste in\u00edcio de terceiro trimestre de 2021.<\/p>\n<p><strong>Bar\u00f4metro Antecedente<br \/>\n<\/strong><br \/>\nOs indicadores antecedentes das tr\u00eas regi\u00f5es contribuem de forma negativa para o resultado do Bar\u00f4metro Antecedente em junho. O Hemisf\u00e9rio Ocidental \u00e9 a regi\u00e3o que mais contribui para a queda, ao recuar 3,9 pontos, seguida da \u00c1sia, Pac\u00edfico &amp; \u00c1frica, com -3,5 pontos, e da Europa, com -1,3 pontos.<\/p>\n<p><span style=\"font-weight: 400;\">Fonte: Ag\u00eancia Brasil <\/span><\/p>\n","protected":false},"excerpt":{"rendered":"<p>Indicadores que permitem analisar o desenvolvimento econ\u00f4mico mundial, os Bar\u00f4metros Econ\u00f4micos Globais recuam em julho. Mesmo com o recuo, os indicadores continuam em patamar elevado, compat\u00edvel com a sustenta\u00e7\u00e3o da fase de recupera\u00e7\u00e3o do n\u00edvel de atividade econ\u00f4mica mundial em 2021. A an\u00e1lise \u00e9 do Instituto Brasileiro de Economia da Funda\u00e7\u00e3o Getulio Vargas (FGV\/Ibre) no [&hellip;]<\/p>\n","protected":false},"author":246,"featured_media":185113,"comment_status":"closed","ping_status":"closed","sticky":false,"template":"","format":"standard","meta":{"footnotes":""},"categories":[440,261,439],"tags":[],"class_list":["post-185112","post","type-post","status-publish","format-standard","has-post-thumbnail","hentry","category-destaques-do-dia","category-economia","category-ultima-hora"],"_links":{"self":[{"href":"https:\/\/diarioregionaldigital.com.br\/index.php?rest_route=\/wp\/v2\/posts\/185112","targetHints":{"allow":["GET"]}}],"collection":[{"href":"https:\/\/diarioregionaldigital.com.br\/index.php?rest_route=\/wp\/v2\/posts"}],"about":[{"href":"https:\/\/diarioregionaldigital.com.br\/index.php?rest_route=\/wp\/v2\/types\/post"}],"author":[{"embeddable":true,"href":"https:\/\/diarioregionaldigital.com.br\/index.php?rest_route=\/wp\/v2\/users\/246"}],"replies":[{"embeddable":true,"href":"https:\/\/diarioregionaldigital.com.br\/index.php?rest_route=%2Fwp%2Fv2%2Fcomments&post=185112"}],"version-history":[{"count":2,"href":"https:\/\/diarioregionaldigital.com.br\/index.php?rest_route=\/wp\/v2\/posts\/185112\/revisions"}],"predecessor-version":[{"id":185115,"href":"https:\/\/diarioregionaldigital.com.br\/index.php?rest_route=\/wp\/v2\/posts\/185112\/revisions\/185115"}],"wp:featuredmedia":[{"embeddable":true,"href":"https:\/\/diarioregionaldigital.com.br\/index.php?rest_route=\/wp\/v2\/media\/185113"}],"wp:attachment":[{"href":"https:\/\/diarioregionaldigital.com.br\/index.php?rest_route=%2Fwp%2Fv2%2Fmedia&parent=185112"}],"wp:term":[{"taxonomy":"category","embeddable":true,"href":"https:\/\/diarioregionaldigital.com.br\/index.php?rest_route=%2Fwp%2Fv2%2Fcategories&post=185112"},{"taxonomy":"post_tag","embeddable":true,"href":"https:\/\/diarioregionaldigital.com.br\/index.php?rest_route=%2Fwp%2Fv2%2Ftags&post=185112"}],"curies":[{"name":"wp","href":"https:\/\/api.w.org\/{rel}","templated":true}]}}