{"id":185109,"date":"2021-07-09T16:08:47","date_gmt":"2021-07-09T19:08:47","guid":{"rendered":"https:\/\/diarioregionaldigital.com.br\/?p=185109"},"modified":"2021-07-09T16:08:47","modified_gmt":"2021-07-09T19:08:47","slug":"policia-militar-apreende-materiais-relacionados-ao-trafico-de-drogas-no-parque-das-torres","status":"publish","type":"post","link":"https:\/\/diarioregionaldigital.com.br\/?p=185109","title":{"rendered":"Pol\u00edcia Militar apreende materiais relacionados ao tr\u00e1fico de drogas no Parque das Torres"},"content":{"rendered":"<p>Nesta sexta-feira, dia 09jul21, durante desencadeamento da Opera\u00e7\u00e3o Falcon pela Pol\u00edcia Militar, enquanto era feito o cumprimento de mandado de busca e apreens\u00e3o, no bairro Parque das Torres, tr\u00eas autores foram presos e todo material descrito relacionado ao tr\u00e1fico de drogas, apreendido:<\/p>\n<p>04 c\u00e2meras<br \/>\n01 DVR<br \/>\n01 M\u00e1quina de cart\u00e3o<br \/>\n01 Balan\u00e7a<br \/>\n35 buchas de maconha<br \/>\n03 aparelhos celulares<br \/>\nR$80,00<br \/>\n&amp; Materiais para embalar droga.<\/p>\n","protected":false},"excerpt":{"rendered":"<p>Nesta sexta-feira, dia 09jul21, durante desencadeamento da Opera\u00e7\u00e3o Falcon pela Pol\u00edcia Militar, enquanto era feito o cumprimento de mandado de busca e apreens\u00e3o, no bairro Parque das Torres, tr\u00eas autores foram presos e todo material descrito relacionado ao tr\u00e1fico de drogas, apreendido: 04 c\u00e2meras 01 DVR 01 M\u00e1quina de cart\u00e3o 01 Balan\u00e7a 35 buchas de [&hellip;]<\/p>\n","protected":false},"author":246,"featured_media":185110,"comment_status":"closed","ping_status":"closed","sticky":false,"template":"","format":"standard","meta":{"footnotes":""},"categories":[301,1229],"tags":[],"class_list":["post-185109","post","type-post","status-publish","format-standard","has-post-thumbnail","hentry","category-artigos-policiais","category-policial"],"_links":{"self":[{"href":"https:\/\/diarioregionaldigital.com.br\/index.php?rest_route=\/wp\/v2\/posts\/185109","targetHints":{"allow":["GET"]}}],"collection":[{"href":"https:\/\/diarioregionaldigital.com.br\/index.php?rest_route=\/wp\/v2\/posts"}],"about":[{"href":"https:\/\/diarioregionaldigital.com.br\/index.php?rest_route=\/wp\/v2\/types\/post"}],"author":[{"embeddable":true,"href":"https:\/\/diarioregionaldigital.com.br\/index.php?rest_route=\/wp\/v2\/users\/246"}],"replies":[{"embeddable":true,"href":"https:\/\/diarioregionaldigital.com.br\/index.php?rest_route=%2Fwp%2Fv2%2Fcomments&post=185109"}],"version-history":[{"count":1,"href":"https:\/\/diarioregionaldigital.com.br\/index.php?rest_route=\/wp\/v2\/posts\/185109\/revisions"}],"predecessor-version":[{"id":185111,"href":"https:\/\/diarioregionaldigital.com.br\/index.php?rest_route=\/wp\/v2\/posts\/185109\/revisions\/185111"}],"wp:featuredmedia":[{"embeddable":true,"href":"https:\/\/diarioregionaldigital.com.br\/index.php?rest_route=\/wp\/v2\/media\/185110"}],"wp:attachment":[{"href":"https:\/\/diarioregionaldigital.com.br\/index.php?rest_route=%2Fwp%2Fv2%2Fmedia&parent=185109"}],"wp:term":[{"taxonomy":"category","embeddable":true,"href":"https:\/\/diarioregionaldigital.com.br\/index.php?rest_route=%2Fwp%2Fv2%2Fcategories&post=185109"},{"taxonomy":"post_tag","embeddable":true,"href":"https:\/\/diarioregionaldigital.com.br\/index.php?rest_route=%2Fwp%2Fv2%2Ftags&post=185109"}],"curies":[{"name":"wp","href":"https:\/\/api.w.org\/{rel}","templated":true}]}}