{"id":185106,"date":"2021-07-09T15:41:23","date_gmt":"2021-07-09T18:41:23","guid":{"rendered":"https:\/\/diarioregionaldigital.com.br\/?p=185106"},"modified":"2021-07-09T15:41:23","modified_gmt":"2021-07-09T18:41:23","slug":"policia-militar-recupera-fiat-uno-furtado-e-apreende-vw-golf-utilizado-por-autores-de-crime-de-desmanche-de-automovel","status":"publish","type":"post","link":"https:\/\/diarioregionaldigital.com.br\/?p=185106","title":{"rendered":"Pol\u00edcia Militar recupera FIAT Uno furtado e apreende VW Golf utilizado por autores de crime de desmanche de autom\u00f3vel"},"content":{"rendered":"<p>Na tarde de quinta-feira, 08jul21 por volta das 12h18min, a Pol\u00edcia Militar recebeu informa\u00e7\u00f5es via COPOM que dois carros, um VW\/Golf cor preta e um FIAT Uno cor cinza, estavam estacionados pr\u00f3ximos a uma rotat\u00f3ria na Rua Jos\u00e9 Aureliano de Holanda no bairro Grama, com tr\u00eas indiv\u00edduos suspeitos junto aos ve\u00edculos. Com a chegada dos policiais militares para averigua\u00e7\u00e3o, o ve\u00edculo VW Golf com os tr\u00eas ocupantes empreendeu fuga em alta velocidade, n\u00e3o sendo alcan\u00e7ado pela Pol\u00edcia Militar. Em consulta posterior foi confirmado que o FIAT Uno abandonado no local havia sido furtado no mesmo dia, por volta das 09h00min na Rua Jos\u00e9 Calil Ahouagi no centro. Em rastreamento, o ve\u00edculo Golf foi encontrado abandonado na Rua Evaldo Loures Coelho no bairro Vila Montanhesa, por volta das 15h26min, com um dos pneus furados, tendo sido apreendido. Segundo den\u00fancias, os ocupantes do ve\u00edculo VW Golf estariam envolvidos com o crime de desmanche de autom\u00f3vel.<\/p>\n","protected":false},"excerpt":{"rendered":"<p>Na tarde de quinta-feira, 08jul21 por volta das 12h18min, a Pol\u00edcia Militar recebeu informa\u00e7\u00f5es via COPOM que dois carros, um VW\/Golf cor preta e um FIAT Uno cor cinza, estavam estacionados pr\u00f3ximos a uma rotat\u00f3ria na Rua Jos\u00e9 Aureliano de Holanda no bairro Grama, com tr\u00eas indiv\u00edduos suspeitos junto aos ve\u00edculos. Com a chegada dos [&hellip;]<\/p>\n","protected":false},"author":246,"featured_media":185107,"comment_status":"closed","ping_status":"closed","sticky":false,"template":"","format":"standard","meta":{"footnotes":""},"categories":[301,1229],"tags":[],"class_list":["post-185106","post","type-post","status-publish","format-standard","has-post-thumbnail","hentry","category-artigos-policiais","category-policial"],"_links":{"self":[{"href":"https:\/\/diarioregionaldigital.com.br\/index.php?rest_route=\/wp\/v2\/posts\/185106","targetHints":{"allow":["GET"]}}],"collection":[{"href":"https:\/\/diarioregionaldigital.com.br\/index.php?rest_route=\/wp\/v2\/posts"}],"about":[{"href":"https:\/\/diarioregionaldigital.com.br\/index.php?rest_route=\/wp\/v2\/types\/post"}],"author":[{"embeddable":true,"href":"https:\/\/diarioregionaldigital.com.br\/index.php?rest_route=\/wp\/v2\/users\/246"}],"replies":[{"embeddable":true,"href":"https:\/\/diarioregionaldigital.com.br\/index.php?rest_route=%2Fwp%2Fv2%2Fcomments&post=185106"}],"version-history":[{"count":1,"href":"https:\/\/diarioregionaldigital.com.br\/index.php?rest_route=\/wp\/v2\/posts\/185106\/revisions"}],"predecessor-version":[{"id":185108,"href":"https:\/\/diarioregionaldigital.com.br\/index.php?rest_route=\/wp\/v2\/posts\/185106\/revisions\/185108"}],"wp:featuredmedia":[{"embeddable":true,"href":"https:\/\/diarioregionaldigital.com.br\/index.php?rest_route=\/wp\/v2\/media\/185107"}],"wp:attachment":[{"href":"https:\/\/diarioregionaldigital.com.br\/index.php?rest_route=%2Fwp%2Fv2%2Fmedia&parent=185106"}],"wp:term":[{"taxonomy":"category","embeddable":true,"href":"https:\/\/diarioregionaldigital.com.br\/index.php?rest_route=%2Fwp%2Fv2%2Fcategories&post=185106"},{"taxonomy":"post_tag","embeddable":true,"href":"https:\/\/diarioregionaldigital.com.br\/index.php?rest_route=%2Fwp%2Fv2%2Ftags&post=185106"}],"curies":[{"name":"wp","href":"https:\/\/api.w.org\/{rel}","templated":true}]}}