{"id":185094,"date":"2021-07-08T21:43:06","date_gmt":"2021-07-09T00:43:06","guid":{"rendered":"https:\/\/diarioregionaldigital.com.br\/?p=185094"},"modified":"2021-07-08T21:43:06","modified_gmt":"2021-07-09T00:43:06","slug":"covid-19-municipio-contabiliza-2mortes-nas-ultimas-24h","status":"publish","type":"post","link":"https:\/\/diarioregionaldigital.com.br\/?p=185094","title":{"rendered":"Covid-19: Munic\u00edpio contabiliza 2mortes nas \u00faltimas 24h"},"content":{"rendered":"<p>O novo boletim epidemiol\u00f3gico divulgado nesta quinta-feira (08) pela Secretaria de Sa\u00fade (SS) da Prefeitura de Juiz de Fora (PJF), aponta que o munic\u00edpio contabilizou mais 156 novos casos por Coronav\u00edrus, totalizando 38.781 pessoas infectadas. Segundo o levantamento, foram notificados mais 2 mortes, acumulando 1.809 vidas perdidas e 177 pacientes est\u00e3o suspeitos de terem a doen\u00e7a.<\/p>\n<p><b>Leitos\u00a0<\/b><\/p>\n<p>Segundo informa\u00e7\u00f5es da PJF, 267 pessoas est\u00e3o hospitalizadas por covid-19 no munic\u00edpio. Ao todo, 100 pacientes ocupam leitos de UTI (p\u00fablico e privado) e 167 de enfermaria. A taxa de ocupa\u00e7\u00e3o dos leitos de UTI da rede p\u00fablica \u00e9 de 45,83%. J\u00e1 os leitos de Enfermaria do Sus 54,30% est\u00e3o ocupados.<\/p>\n","protected":false},"excerpt":{"rendered":"<p>O novo boletim epidemiol\u00f3gico divulgado nesta quinta-feira (08) pela Secretaria de Sa\u00fade (SS) da Prefeitura de Juiz de Fora (PJF), aponta que o munic\u00edpio contabilizou mais 156 novos casos por Coronav\u00edrus, totalizando 38.781 pessoas infectadas. Segundo o levantamento, foram notificados mais 2 mortes, acumulando 1.809 vidas perdidas e 177 pacientes est\u00e3o suspeitos de terem a [&hellip;]<\/p>\n","protected":false},"author":246,"featured_media":184976,"comment_status":"closed","ping_status":"closed","sticky":false,"template":"","format":"standard","meta":{"footnotes":""},"categories":[253,436,439],"tags":[],"class_list":["post-185094","post","type-post","status-publish","format-standard","has-post-thumbnail","hentry","category-cidade","category-destaque-da-semana","category-ultima-hora"],"_links":{"self":[{"href":"https:\/\/diarioregionaldigital.com.br\/index.php?rest_route=\/wp\/v2\/posts\/185094","targetHints":{"allow":["GET"]}}],"collection":[{"href":"https:\/\/diarioregionaldigital.com.br\/index.php?rest_route=\/wp\/v2\/posts"}],"about":[{"href":"https:\/\/diarioregionaldigital.com.br\/index.php?rest_route=\/wp\/v2\/types\/post"}],"author":[{"embeddable":true,"href":"https:\/\/diarioregionaldigital.com.br\/index.php?rest_route=\/wp\/v2\/users\/246"}],"replies":[{"embeddable":true,"href":"https:\/\/diarioregionaldigital.com.br\/index.php?rest_route=%2Fwp%2Fv2%2Fcomments&post=185094"}],"version-history":[{"count":1,"href":"https:\/\/diarioregionaldigital.com.br\/index.php?rest_route=\/wp\/v2\/posts\/185094\/revisions"}],"predecessor-version":[{"id":185095,"href":"https:\/\/diarioregionaldigital.com.br\/index.php?rest_route=\/wp\/v2\/posts\/185094\/revisions\/185095"}],"wp:featuredmedia":[{"embeddable":true,"href":"https:\/\/diarioregionaldigital.com.br\/index.php?rest_route=\/wp\/v2\/media\/184976"}],"wp:attachment":[{"href":"https:\/\/diarioregionaldigital.com.br\/index.php?rest_route=%2Fwp%2Fv2%2Fmedia&parent=185094"}],"wp:term":[{"taxonomy":"category","embeddable":true,"href":"https:\/\/diarioregionaldigital.com.br\/index.php?rest_route=%2Fwp%2Fv2%2Fcategories&post=185094"},{"taxonomy":"post_tag","embeddable":true,"href":"https:\/\/diarioregionaldigital.com.br\/index.php?rest_route=%2Fwp%2Fv2%2Ftags&post=185094"}],"curies":[{"name":"wp","href":"https:\/\/api.w.org\/{rel}","templated":true}]}}