{"id":185091,"date":"2021-07-08T21:40:01","date_gmt":"2021-07-09T00:40:01","guid":{"rendered":"https:\/\/diarioregionaldigital.com.br\/?p=185091"},"modified":"2021-07-08T21:40:01","modified_gmt":"2021-07-09T00:40:01","slug":"minas-gerais-ultrapassa-a-marca-de-47-mil-obitos-por-covid-19-desde-o-inicio-da-pandemia","status":"publish","type":"post","link":"https:\/\/diarioregionaldigital.com.br\/?p=185091","title":{"rendered":"Minas Gerais ultrapassa a marca de 47 mil \u00f3bitos por Covid-19 desde o in\u00edcio da pandemia"},"content":{"rendered":"<div class=\"evo-entry-content entry-content\">\n<p>A Secretaria de Estado da Sa\u00fade de Minas Gerais (SES-MG), publicou nesta quinta-feira (08), o <a href=\"https:\/\/coronavirus.saude.mg.gov.br\/images\/1_2021\/07-julho\/08.07.21COVID-19_-_BOLETIM.pdf\">novo boletim<\/a> referente ao Coronav\u00edrus. O levantamento aponta que o estado notificou mais 6.428 novos casos da doen\u00e7a, totalizando 1.849.993 pessoas infectadas. Os dados indicam que foram registradas mais 218 mortes, contabilizando 47.596 \u00f3bitos.<\/p>\n<p>Al\u00e9m disso, 1.731.522 pacientes est\u00e3o recuperados da doen\u00e7a, representando 93% dos casos. Quanto aos dados de hospitaliza\u00e7\u00e3o, 162.847 estiveram internados e 1.687.146 j\u00e1 fizeram isolamento domiciliar. At\u00e9 o momento, 7.711.916 pessoas receberam a primeira dose da vacina, 2.759.223 pessoas receberam a segunda dose e 62.039 receberam a dose \u00fanica da vacina.<\/p>\n<\/div>\n<div class=\"evo-single-footer\"><\/div>\n","protected":false},"excerpt":{"rendered":"<p>A Secretaria de Estado da Sa\u00fade de Minas Gerais (SES-MG), publicou nesta quinta-feira (08), o novo boletim referente ao Coronav\u00edrus. O levantamento aponta que o estado notificou mais 6.428 novos casos da doen\u00e7a, totalizando 1.849.993 pessoas infectadas. Os dados indicam que foram registradas mais 218 mortes, contabilizando 47.596 \u00f3bitos. Al\u00e9m disso, 1.731.522 pacientes est\u00e3o recuperados [&hellip;]<\/p>\n","protected":false},"author":246,"featured_media":185092,"comment_status":"closed","ping_status":"closed","sticky":false,"template":"","format":"standard","meta":{"footnotes":""},"categories":[252,439],"tags":[],"class_list":["post-185091","post","type-post","status-publish","format-standard","has-post-thumbnail","hentry","category-regiao","category-ultima-hora"],"_links":{"self":[{"href":"https:\/\/diarioregionaldigital.com.br\/index.php?rest_route=\/wp\/v2\/posts\/185091","targetHints":{"allow":["GET"]}}],"collection":[{"href":"https:\/\/diarioregionaldigital.com.br\/index.php?rest_route=\/wp\/v2\/posts"}],"about":[{"href":"https:\/\/diarioregionaldigital.com.br\/index.php?rest_route=\/wp\/v2\/types\/post"}],"author":[{"embeddable":true,"href":"https:\/\/diarioregionaldigital.com.br\/index.php?rest_route=\/wp\/v2\/users\/246"}],"replies":[{"embeddable":true,"href":"https:\/\/diarioregionaldigital.com.br\/index.php?rest_route=%2Fwp%2Fv2%2Fcomments&post=185091"}],"version-history":[{"count":1,"href":"https:\/\/diarioregionaldigital.com.br\/index.php?rest_route=\/wp\/v2\/posts\/185091\/revisions"}],"predecessor-version":[{"id":185093,"href":"https:\/\/diarioregionaldigital.com.br\/index.php?rest_route=\/wp\/v2\/posts\/185091\/revisions\/185093"}],"wp:featuredmedia":[{"embeddable":true,"href":"https:\/\/diarioregionaldigital.com.br\/index.php?rest_route=\/wp\/v2\/media\/185092"}],"wp:attachment":[{"href":"https:\/\/diarioregionaldigital.com.br\/index.php?rest_route=%2Fwp%2Fv2%2Fmedia&parent=185091"}],"wp:term":[{"taxonomy":"category","embeddable":true,"href":"https:\/\/diarioregionaldigital.com.br\/index.php?rest_route=%2Fwp%2Fv2%2Fcategories&post=185091"},{"taxonomy":"post_tag","embeddable":true,"href":"https:\/\/diarioregionaldigital.com.br\/index.php?rest_route=%2Fwp%2Fv2%2Ftags&post=185091"}],"curies":[{"name":"wp","href":"https:\/\/api.w.org\/{rel}","templated":true}]}}