{"id":185088,"date":"2021-07-08T20:08:37","date_gmt":"2021-07-08T23:08:37","guid":{"rendered":"https:\/\/diarioregionaldigital.com.br\/?p=185088"},"modified":"2021-07-08T20:08:37","modified_gmt":"2021-07-08T23:08:37","slug":"limpeza-nas-trilhas-do-morro-do-imperador-e-realizada-pela-demlurb-junto-a-guarda-municipal","status":"publish","type":"post","link":"https:\/\/diarioregionaldigital.com.br\/?p=185088","title":{"rendered":"Limpeza nas trilhas do Morro do Imperador \u00e9 realizada pela Demlurb junto \u00e0 Guarda Municipal"},"content":{"rendered":"<p>Na manh\u00e3 desta quinta-feira, 8, as equipes da Guarda Municipal e do Departamento Municipal de Limpeza Urbana (Demlurb) estiveram nas trilhas do Morro do Imperador para verifica\u00e7\u00e3o das condi\u00e7\u00f5es de acesso ao local e retirada de lixo deixado no caminho por visitantes. Segundo informa\u00e7\u00f5es do site da Prefeitura de Juiz de Fora, a atividade faz parte do monitoramento da \u00e1rea verde, realizado, periodicamente, pela Guarda Municipal com o objetivo de levar mais seguran\u00e7a para os moradores do entorno e frequentadores da \u00e1rea. Cerca de 50 quilos de res\u00edduos foram recolhidos na parte inicial da trilha, pr\u00f3ximo \u00e0 Rua Constantino Paleta.<\/p>\n<p>A trilha \u00e9 frequentemente utilizada por pessoas como op\u00e7\u00e3o de lazer junto \u00e0 natureza em pleno centro da cidade. O percurso, de aproximadamente um quil\u00f4metro, tem n\u00edvel leve de dificuldade para quem se aventura chegar ao Mirante Salles de Oliveira por um caminho diferente. A trilha passa em meio \u00e0 vegeta\u00e7\u00e3o da encosta, com pista livre, sem necessidade de entrada na mata. Em alguns pontos passa-se pr\u00f3ximo ao pared\u00e3o de pedra e j\u00e1 no final, \u00e9 poss\u00edvel observar a cidade por um novo \u00e2ngulo. A caminhada dura em m\u00e9dia 45 minutos.<\/p>\n<p>Desde 2010, a Guarda Municipal faz rondas preventivas no local, coibindo a pr\u00e1tica de atividades il\u00edcitas, ampliando a sensa\u00e7\u00e3o de seguran\u00e7a, monitorando as condi\u00e7\u00f5es de prote\u00e7\u00e3o ambiental e minimizando o risco de inc\u00eandios. O projeto \u201cTrilhas do Imperador\u201d tem reconhecimento da Funalfa, que concedeu o pr\u00eamio \u201cAmigo do Patrim\u00f4nio\u201d \u00e0 iniciativa pela atua\u00e7\u00e3o em benef\u00edcio da preserva\u00e7\u00e3o e da promo\u00e7\u00e3o do patrim\u00f4nio cultural da cidade. As atividades desenvolvidas, com grupos em visitas \u00e0s trilhas, levam em conta tamb\u00e9m os aspectos hist\u00f3rico, cultural e paisag\u00edstico da \u00e1rea.<\/p>\n<p>Al\u00e9m de ser uma atividade de seguran\u00e7a p\u00fablica, o trabalho contribui para a percep\u00e7\u00e3o da comunidade sobre o patrim\u00f4nio natural do Morro do Imperador. A partir da implanta\u00e7\u00e3o do trabalho, mais pessoas puderam conhecer o caminho e aprender sobre a import\u00e2ncia hist\u00f3rica de um dos mais significativos marcos geogr\u00e1ficos do munic\u00edpio, ampliando a compreens\u00e3o sobre a mem\u00f3ria do munic\u00edpio.<\/p>\n<p>Durante a pandemia de coronav\u00edrus, as caminhadas guiadas em grupo, ficaram suspensas. A limpeza realizada, no dia de hoje, vislumbra a perspectiva de retomada deste tipo de atividade assim que as condi\u00e7\u00f5es epidemiol\u00f3gicas permitirem.<\/p>\n","protected":false},"excerpt":{"rendered":"<p>Na manh\u00e3 desta quinta-feira, 8, as equipes da Guarda Municipal e do Departamento Municipal de Limpeza Urbana (Demlurb) estiveram nas trilhas do Morro do Imperador para verifica\u00e7\u00e3o das condi\u00e7\u00f5es de acesso ao local e retirada de lixo deixado no caminho por visitantes. Segundo informa\u00e7\u00f5es do site da Prefeitura de Juiz de Fora, a atividade faz [&hellip;]<\/p>\n","protected":false},"author":246,"featured_media":185089,"comment_status":"closed","ping_status":"closed","sticky":false,"template":"","format":"standard","meta":{"footnotes":""},"categories":[253,436,439],"tags":[],"class_list":["post-185088","post","type-post","status-publish","format-standard","has-post-thumbnail","hentry","category-cidade","category-destaque-da-semana","category-ultima-hora"],"_links":{"self":[{"href":"https:\/\/diarioregionaldigital.com.br\/index.php?rest_route=\/wp\/v2\/posts\/185088","targetHints":{"allow":["GET"]}}],"collection":[{"href":"https:\/\/diarioregionaldigital.com.br\/index.php?rest_route=\/wp\/v2\/posts"}],"about":[{"href":"https:\/\/diarioregionaldigital.com.br\/index.php?rest_route=\/wp\/v2\/types\/post"}],"author":[{"embeddable":true,"href":"https:\/\/diarioregionaldigital.com.br\/index.php?rest_route=\/wp\/v2\/users\/246"}],"replies":[{"embeddable":true,"href":"https:\/\/diarioregionaldigital.com.br\/index.php?rest_route=%2Fwp%2Fv2%2Fcomments&post=185088"}],"version-history":[{"count":1,"href":"https:\/\/diarioregionaldigital.com.br\/index.php?rest_route=\/wp\/v2\/posts\/185088\/revisions"}],"predecessor-version":[{"id":185090,"href":"https:\/\/diarioregionaldigital.com.br\/index.php?rest_route=\/wp\/v2\/posts\/185088\/revisions\/185090"}],"wp:featuredmedia":[{"embeddable":true,"href":"https:\/\/diarioregionaldigital.com.br\/index.php?rest_route=\/wp\/v2\/media\/185089"}],"wp:attachment":[{"href":"https:\/\/diarioregionaldigital.com.br\/index.php?rest_route=%2Fwp%2Fv2%2Fmedia&parent=185088"}],"wp:term":[{"taxonomy":"category","embeddable":true,"href":"https:\/\/diarioregionaldigital.com.br\/index.php?rest_route=%2Fwp%2Fv2%2Fcategories&post=185088"},{"taxonomy":"post_tag","embeddable":true,"href":"https:\/\/diarioregionaldigital.com.br\/index.php?rest_route=%2Fwp%2Fv2%2Ftags&post=185088"}],"curies":[{"name":"wp","href":"https:\/\/api.w.org\/{rel}","templated":true}]}}