{"id":185085,"date":"2021-07-08T20:04:57","date_gmt":"2021-07-08T23:04:57","guid":{"rendered":"https:\/\/diarioregionaldigital.com.br\/?p=185085"},"modified":"2021-07-08T20:04:57","modified_gmt":"2021-07-08T23:04:57","slug":"procon-participa-de-acao-nacional-fiscalizando-postos-de-gasolina-da-cidade","status":"publish","type":"post","link":"https:\/\/diarioregionaldigital.com.br\/?p=185085","title":{"rendered":"Procon participa de a\u00e7\u00e3o nacional fiscalizando postos de gasolina da cidade"},"content":{"rendered":"<p>Nesta quinta-feira, 8, o\u00a0Procon Juiz de Fora realizou a Opera\u00e7\u00e3o Petr\u00f3leo Real em parceria com diversos \u00f3rg\u00e3os, fiscalizando postos de gasolina do munic\u00edpio com o objetivo de verificar a qualidade do combust\u00edvel, a validade dos produtos, a aferi\u00e7\u00e3o das bombas de abastecimento, a transpar\u00eancia da composi\u00e7\u00e3o dos pre\u00e7os ao consumidor e outras infra\u00e7\u00f5es administrativas e criminais.<br \/>\nDos 70 postos de gasolina existentes na cidade, foram vistoriados nove para amostragem. Participaram da a\u00e7\u00e3o representantes do Procon\/JF, Instituto de Metrologia e Qualidade do Estado de MG (Ipem), Corpo de Bombeiros, Fiscais de Postura da PJF, Guarda Municipal e Pol\u00edcia Militar. Na a\u00e7\u00e3o, houve uma interdi\u00e7\u00e3o de bomba de combust\u00edvel pelo Ipem e uma notifica\u00e7\u00e3o dos bombeiros para regulamenta\u00e7\u00e3o de sinaliza\u00e7\u00e3o.<\/p>\n<p>Segundo informa\u00e7\u00f5es do site da Prefeitura de Juiz de Fora, o Superintendente do Procon\/JF, Eduardo Floriano, acompanhou os trabalhos in loco e destacou a relev\u00e2ncia da a\u00e7\u00e3o. \u201cEssa opera\u00e7\u00e3o \u00e9 muito importante para dar uma garantia ao consumidor de que, al\u00e9m das informa\u00e7\u00f5es necess\u00e1rias sobre tributos, valores, a diferen\u00e7a do peso do \u00e1lcool e da gasolina, ele tamb\u00e9m tem a garantia de um produto de qualidade onde a quantidade que ele esteja abastecendo, seja a quantidade real.\u201d<\/p>\n<p><b>Opera\u00e7\u00e3o Nacional<\/b><\/p>\n<p>A Opera\u00e7\u00e3o Petr\u00f3leo Real faz parte de mobiliza\u00e7\u00e3o nacional coordenada pelo Minist\u00e9rio da Justi\u00e7a e Seguran\u00e7a P\u00fablica e em Minas Gerais \u00e9 organizada pelo F\u00f3rum dos Procons Mineiros (FPM).<br \/>\nA opera\u00e7\u00e3o tamb\u00e9m aconteceu em todos os estados da federa\u00e7\u00e3o, exceto Maranh\u00e3o, onde j\u00e1 h\u00e1 um avan\u00e7ado processo de investiga\u00e7\u00e3o no setor.<\/p>\n<p>A Petr\u00f3leo Real segue o decreto n\u00ba 10.634 de 22 de fevereiro de 2021, que disp\u00f5e sobre o direito de os consumidores receberem informa\u00e7\u00f5es corretas, claras, precisas, ostensivas e leg\u00edveis sobre os pre\u00e7os dos combust\u00edveis em territ\u00f3rio nacional. O decreto tem contribui\u00e7\u00f5es do Minist\u00e9rio de Minas e Energia (MME), da Ag\u00eancia Nacional do Petr\u00f3leo, G\u00e1s Natural e Biocombust\u00edveis (ANP), al\u00e9m do Minist\u00e9rio da Justi\u00e7a e Seguran\u00e7a P\u00fablica.<br \/>\nS\u00e3o de responsabilidade da ANP, Inmetro e Procon o controle e a fiscaliza\u00e7\u00e3o. As pol\u00edcias assumem o trabalho de repress\u00e3o de pr\u00e1ticas abusivas e criminais, protegendo a economia e o direito dos consumidores.<\/p>\n","protected":false},"excerpt":{"rendered":"<p>Nesta quinta-feira, 8, o\u00a0Procon Juiz de Fora realizou a Opera\u00e7\u00e3o Petr\u00f3leo Real em parceria com diversos \u00f3rg\u00e3os, fiscalizando postos de gasolina do munic\u00edpio com o objetivo de verificar a qualidade do combust\u00edvel, a validade dos produtos, a aferi\u00e7\u00e3o das bombas de abastecimento, a transpar\u00eancia da composi\u00e7\u00e3o dos pre\u00e7os ao consumidor e outras infra\u00e7\u00f5es administrativas e [&hellip;]<\/p>\n","protected":false},"author":246,"featured_media":185086,"comment_status":"closed","ping_status":"closed","sticky":false,"template":"","format":"standard","meta":{"footnotes":""},"categories":[253,436,439],"tags":[],"class_list":["post-185085","post","type-post","status-publish","format-standard","has-post-thumbnail","hentry","category-cidade","category-destaque-da-semana","category-ultima-hora"],"_links":{"self":[{"href":"https:\/\/diarioregionaldigital.com.br\/index.php?rest_route=\/wp\/v2\/posts\/185085","targetHints":{"allow":["GET"]}}],"collection":[{"href":"https:\/\/diarioregionaldigital.com.br\/index.php?rest_route=\/wp\/v2\/posts"}],"about":[{"href":"https:\/\/diarioregionaldigital.com.br\/index.php?rest_route=\/wp\/v2\/types\/post"}],"author":[{"embeddable":true,"href":"https:\/\/diarioregionaldigital.com.br\/index.php?rest_route=\/wp\/v2\/users\/246"}],"replies":[{"embeddable":true,"href":"https:\/\/diarioregionaldigital.com.br\/index.php?rest_route=%2Fwp%2Fv2%2Fcomments&post=185085"}],"version-history":[{"count":1,"href":"https:\/\/diarioregionaldigital.com.br\/index.php?rest_route=\/wp\/v2\/posts\/185085\/revisions"}],"predecessor-version":[{"id":185087,"href":"https:\/\/diarioregionaldigital.com.br\/index.php?rest_route=\/wp\/v2\/posts\/185085\/revisions\/185087"}],"wp:featuredmedia":[{"embeddable":true,"href":"https:\/\/diarioregionaldigital.com.br\/index.php?rest_route=\/wp\/v2\/media\/185086"}],"wp:attachment":[{"href":"https:\/\/diarioregionaldigital.com.br\/index.php?rest_route=%2Fwp%2Fv2%2Fmedia&parent=185085"}],"wp:term":[{"taxonomy":"category","embeddable":true,"href":"https:\/\/diarioregionaldigital.com.br\/index.php?rest_route=%2Fwp%2Fv2%2Fcategories&post=185085"},{"taxonomy":"post_tag","embeddable":true,"href":"https:\/\/diarioregionaldigital.com.br\/index.php?rest_route=%2Fwp%2Fv2%2Ftags&post=185085"}],"curies":[{"name":"wp","href":"https:\/\/api.w.org\/{rel}","templated":true}]}}