{"id":185044,"date":"2021-07-08T19:00:07","date_gmt":"2021-07-08T22:00:07","guid":{"rendered":"https:\/\/diarioregionaldigital.com.br\/?p=185044"},"modified":"2021-07-08T19:00:07","modified_gmt":"2021-07-08T22:00:07","slug":"conab-estima-colheita-de-2608-milhoes-de-toneladas-na-safra-2020-2021","status":"publish","type":"post","link":"https:\/\/diarioregionaldigital.com.br\/?p=185044","title":{"rendered":"Conab estima colheita de 260,8 milh\u00f5es de toneladas na safra 2020\/2021"},"content":{"rendered":"<p>A safra 2020\/2021 de gr\u00e3os dever\u00e1 ter uma colheita de 260,8 milh\u00f5es de toneladas, informou a Companhia Nacional de Abastecimento (Conab) ao divulgar, hoje (9), o 10\u00ba levantamento da Safra de Gr\u00e3os. O n\u00famero \u00e9 ligeiramente menor do que a proje\u00e7\u00e3o anterior.<\/p>\n<p>De acordo com o presidente da Conab, Guilherme Ribeiro, a diferen\u00e7a de 1,3 milh\u00e3o de toneladas \u201cse deve ao plantio tardio de milho segunda safra e \u00e0 falta de chuva\u201d. Plantado fora da janela ideal, o milho acabou ficando mais vulner\u00e1vel \u00e0s condi\u00e7\u00f5es clim\u00e1ticas registradas no per\u00edodo. Segundo Ribeiro, o gr\u00e3o j\u00e1 teve 95% da sua primeira safra colhida.<\/p>\n<p>De acordo com a Conab, o clima adverso em algumas regi\u00f5es produtoras \u201cinfluenciou de maneira negativa na produtividade estimada do cereal, e a colheita da segunda safra do gr\u00e3o deve chegar a 66,97 milh\u00f5es de toneladas, queda de 10,8% se comparada com o per\u00edodo anterior\u201d.<\/p>\n<p>A estimativa de produ\u00e7\u00e3o total do milho supera 93 milh\u00f5es de toneladas, com a primeira safra tendo uma colheita de cerca de 24,9 milh\u00f5es de toneladas. A estimativa para a terceira safra do gr\u00e3o \u00e9 de aproximadamente 1,5 milh\u00e3o de toneladas. \u201cCom a atualiza\u00e7\u00e3o, a produtividade do milho segunda safra pode chegar a 4,5 toneladas por hectare na atual safra, queda de 17,5% em rela\u00e7\u00e3o \u00e0 2019\/2020. J\u00e1 a \u00e1rea plantada do cereal no per\u00edodo registra aumento de aproximadamente 8,1%, chegando a 14,88 milh\u00f5es de hectares\u201d, informa a Conab.<\/p>\n<p><strong>Soja e arroz<br \/>\n<\/strong><br \/>\nO levantamento prev\u00ea um acr\u00e9scimo de 11,1 milh\u00f5es de toneladas de soja para esta safra. Com a colheita j\u00e1 encerrada, a oleaginosa dever\u00e1 registrar um novo recorde de 135,9 milh\u00f5es de toneladas colhidas, \u201cmantendo o Brasil como maior produtor da cultura no mundo\u201d.<\/p>\n<p>A produ\u00e7\u00e3o estimada para o arroz \u00e9 de 11,8 milh\u00f5es de toneladas, 5,2% maior do que o volume produzido na safra anterior. Cerca de 92% dessa produ\u00e7\u00e3o tem como origem os cultivos irrigados. O restante 8% tem como origem os plantios de sequeiro. J\u00e1 a produ\u00e7\u00e3o de feij\u00e3o est\u00e1 estimada em cerca de 3 milh\u00f5es de toneladas.<\/p>\n<p><strong>Exporta\u00e7\u00f5es e importa\u00e7\u00f5es<br \/>\n<\/strong><br \/>\nA Conab prev\u00ea que as exporta\u00e7\u00f5es de algod\u00e3o no segundo semestre de 2021 atinjam patamares menores do que no ano passado. \u201cEssa redu\u00e7\u00e3o se deve \u00e0 combina\u00e7\u00e3o de uma menor produ\u00e7\u00e3o na atual safra e de um maior consumo das ind\u00fastrias nacionais. Nesse cen\u00e1rio, a tend\u00eancia \u00e9 de recupera\u00e7\u00e3o de 16% nos estoques finais da fibra em rela\u00e7\u00e3o ao volume divulgado no balan\u00e7o do m\u00eas passado\u201d, informa a companhia.<\/p>\n<p>No caso do milho, a Conab manteve as proje\u00e7\u00f5es de importa\u00e7\u00e3o do gr\u00e3o em 2,3 milh\u00f5es de toneladas, e de exporta\u00e7\u00e3o em 29,5 milh\u00f5es de toneladas. J\u00e1 para a soja, a Conab estima recorde no volume exportado, finalizando o ano com cerca de 86,69 milh\u00f5es de toneladas, 4,5% a mais que no ano anterior. No primeiro semestre de 2021 foram exportadas 57,56 milh\u00f5es de toneladas dessa oleaginosa.<\/p>\n<p>A Conab informa que, para o trigo, o estoque de passagem para a safra 2021\/2022 dever\u00e1 ter volume pr\u00f3ximo a 1,8 milh\u00e3o de toneladas.<\/p>\n<p>Para o arroz, as exporta\u00e7\u00f5es em junho foram 19% menores que as ocorridas no mesmo per\u00edodo do ano passado. A Conab acrescenta que essa queda \u201c\u00e9 ainda maior quando se considera o acumulado do primeiro semestre, chegando a uma redu\u00e7\u00e3o de 50% no volume exportado\u201d.<\/p>\n<p><span style=\"font-weight: 400;\"><br \/>\n<\/span><span style=\"font-weight: 400;\">Fonte: Ag\u00eancia Brasil <\/span><\/p>\n","protected":false},"excerpt":{"rendered":"<p>A safra 2020\/2021 de gr\u00e3os dever\u00e1 ter uma colheita de 260,8 milh\u00f5es de toneladas, informou a Companhia Nacional de Abastecimento (Conab) ao divulgar, hoje (9), o 10\u00ba levantamento da Safra de Gr\u00e3os. O n\u00famero \u00e9 ligeiramente menor do que a proje\u00e7\u00e3o anterior. De acordo com o presidente da Conab, Guilherme Ribeiro, a diferen\u00e7a de 1,3 [&hellip;]<\/p>\n","protected":false},"author":246,"featured_media":185045,"comment_status":"closed","ping_status":"closed","sticky":false,"template":"","format":"standard","meta":{"footnotes":""},"categories":[436,261,439],"tags":[],"class_list":["post-185044","post","type-post","status-publish","format-standard","has-post-thumbnail","hentry","category-destaque-da-semana","category-economia","category-ultima-hora"],"_links":{"self":[{"href":"https:\/\/diarioregionaldigital.com.br\/index.php?rest_route=\/wp\/v2\/posts\/185044","targetHints":{"allow":["GET"]}}],"collection":[{"href":"https:\/\/diarioregionaldigital.com.br\/index.php?rest_route=\/wp\/v2\/posts"}],"about":[{"href":"https:\/\/diarioregionaldigital.com.br\/index.php?rest_route=\/wp\/v2\/types\/post"}],"author":[{"embeddable":true,"href":"https:\/\/diarioregionaldigital.com.br\/index.php?rest_route=\/wp\/v2\/users\/246"}],"replies":[{"embeddable":true,"href":"https:\/\/diarioregionaldigital.com.br\/index.php?rest_route=%2Fwp%2Fv2%2Fcomments&post=185044"}],"version-history":[{"count":1,"href":"https:\/\/diarioregionaldigital.com.br\/index.php?rest_route=\/wp\/v2\/posts\/185044\/revisions"}],"predecessor-version":[{"id":185046,"href":"https:\/\/diarioregionaldigital.com.br\/index.php?rest_route=\/wp\/v2\/posts\/185044\/revisions\/185046"}],"wp:featuredmedia":[{"embeddable":true,"href":"https:\/\/diarioregionaldigital.com.br\/index.php?rest_route=\/wp\/v2\/media\/185045"}],"wp:attachment":[{"href":"https:\/\/diarioregionaldigital.com.br\/index.php?rest_route=%2Fwp%2Fv2%2Fmedia&parent=185044"}],"wp:term":[{"taxonomy":"category","embeddable":true,"href":"https:\/\/diarioregionaldigital.com.br\/index.php?rest_route=%2Fwp%2Fv2%2Fcategories&post=185044"},{"taxonomy":"post_tag","embeddable":true,"href":"https:\/\/diarioregionaldigital.com.br\/index.php?rest_route=%2Fwp%2Fv2%2Ftags&post=185044"}],"curies":[{"name":"wp","href":"https:\/\/api.w.org\/{rel}","templated":true}]}}