{"id":185030,"date":"2021-07-08T01:07:14","date_gmt":"2021-07-08T04:07:14","guid":{"rendered":"https:\/\/diarioregionaldigital.com.br\/?p=185030"},"modified":"2021-07-08T01:07:29","modified_gmt":"2021-07-08T04:07:29","slug":"prefeitura-municipal-de-tocantins-processo-no078-08-07-2021","status":"publish","type":"post","link":"https:\/\/diarioregionaldigital.com.br\/?p=185030","title":{"rendered":"Prefeitura Municipal de Tocantins &#8211; Processo n\u00ba078 &#8211; 08\/07\/2021"},"content":{"rendered":"<p style=\"text-align: center;\"><strong>PRE<\/strong><strong>FEITURA MUNICIPAL DE TOCANTINS<\/strong><\/p>\n<p style=\"text-align: center;\"><strong>RATIFICA\u00c7\u00c3O<\/strong><\/p>\n<p style=\"text-align: center;\"><strong>Processo n\u00b0 078\/2021<\/strong><\/p>\n<p style=\"text-align: center;\"><strong>Inexigibilidade n\u00b0 003\/2021<\/strong><\/p>\n<p style=\"text-align: center;\"><strong>Objeto: CONTRATA\u00c7\u00c3O DE SERVI\u00c7OS TECNICOS ESPECIALIZADOS DE CONSULTORIA TRIBUT\u00c1RIA PARA A ADMINISTRA\u00c7\u00c3O TRIBUT\u00c1RIA MUNICIPAL DE TOCANTINS &#8211; MG.<\/strong><\/p>\n<p style=\"text-align: center;\"><strong>Ratifica\u00e7\u00e3o<\/strong><\/p>\n<p style=\"text-align: center;\">\u00a0\u00a0\u00a0\u00a0\u00a0\u00a0\u00a0\u00a0\u00a0\u00a0\u00a0 O Prefeito Municipal de TOCANTINS\/MG, no uso de suas atribui\u00e7\u00f5es legais, com fulcro art. 25, inciso II da Lei n\u00b0 8.666\/93 e suas posteriores altera\u00e7\u00f5es, pelo presente ato, ratifica a CONTRATA\u00c7\u00c3O DE SERVI\u00c7OS TECNICOS ESPECIALIZADOS DE CONSULTORIA TRIBUT\u00c1RIA PARA A ADMINISTRA\u00c7\u00c3O TRIBUT\u00c1RIA MUNICIPAL DE TOCANTINS &#8211; MG.<\/p>\n<p style=\"text-align: center;\"><strong>\u00a0\u00a0\u00a0\u00a0\u00a0\u00a0\u00a0\u00a0\u00a0\u00a0\u00a0 URBITECH CONSULTORIA TRIBUTARIA LTDA &#8211; CNPJ: 35.311.905\/0001-67<\/strong><\/p>\n<p style=\"text-align: center;\">\u00a0\u00a0\u00a0\u00a0\u00a0\u00a0\u00a0\u00a0\u00a0\u00a0\u00a0 Valor Total de R$ 144.000,00 (cento e quarenta e quatro mil reais)<\/p>\n<p style=\"text-align: center;\">TOCANTINS, 07 de Julho de 2021.<\/p>\n<p style=\"text-align: center;\"><strong>____________________________________________<\/strong><\/p>\n<p style=\"text-align: center;\"><strong>SILAS FORTUNATO DE CARVALHO<\/strong><\/p>\n<p style=\"text-align: center;\"><strong>Prefeito Municipal<\/strong><\/p>\n","protected":false},"excerpt":{"rendered":"<p>PREFEITURA MUNICIPAL DE TOCANTINS RATIFICA\u00c7\u00c3O Processo n\u00b0 078\/2021 Inexigibilidade n\u00b0 003\/2021 Objeto: CONTRATA\u00c7\u00c3O DE SERVI\u00c7OS TECNICOS ESPECIALIZADOS DE CONSULTORIA TRIBUT\u00c1RIA PARA A ADMINISTRA\u00c7\u00c3O TRIBUT\u00c1RIA MUNICIPAL DE TOCANTINS &#8211; MG. Ratifica\u00e7\u00e3o \u00a0\u00a0\u00a0\u00a0\u00a0\u00a0\u00a0\u00a0\u00a0\u00a0\u00a0 O Prefeito Municipal de TOCANTINS\/MG, no uso de suas atribui\u00e7\u00f5es legais, com fulcro art. 25, inciso II da Lei n\u00b0 8.666\/93 e suas posteriores [&hellip;]<\/p>\n","protected":false},"author":96,"featured_media":0,"comment_status":"closed","ping_status":"closed","sticky":false,"template":"","format":"standard","meta":{"footnotes":""},"categories":[307],"tags":[],"class_list":["post-185030","post","type-post","status-publish","format-standard","hentry","category-editais"],"_links":{"self":[{"href":"https:\/\/diarioregionaldigital.com.br\/index.php?rest_route=\/wp\/v2\/posts\/185030","targetHints":{"allow":["GET"]}}],"collection":[{"href":"https:\/\/diarioregionaldigital.com.br\/index.php?rest_route=\/wp\/v2\/posts"}],"about":[{"href":"https:\/\/diarioregionaldigital.com.br\/index.php?rest_route=\/wp\/v2\/types\/post"}],"author":[{"embeddable":true,"href":"https:\/\/diarioregionaldigital.com.br\/index.php?rest_route=\/wp\/v2\/users\/96"}],"replies":[{"embeddable":true,"href":"https:\/\/diarioregionaldigital.com.br\/index.php?rest_route=%2Fwp%2Fv2%2Fcomments&post=185030"}],"version-history":[{"count":1,"href":"https:\/\/diarioregionaldigital.com.br\/index.php?rest_route=\/wp\/v2\/posts\/185030\/revisions"}],"predecessor-version":[{"id":185031,"href":"https:\/\/diarioregionaldigital.com.br\/index.php?rest_route=\/wp\/v2\/posts\/185030\/revisions\/185031"}],"wp:attachment":[{"href":"https:\/\/diarioregionaldigital.com.br\/index.php?rest_route=%2Fwp%2Fv2%2Fmedia&parent=185030"}],"wp:term":[{"taxonomy":"category","embeddable":true,"href":"https:\/\/diarioregionaldigital.com.br\/index.php?rest_route=%2Fwp%2Fv2%2Fcategories&post=185030"},{"taxonomy":"post_tag","embeddable":true,"href":"https:\/\/diarioregionaldigital.com.br\/index.php?rest_route=%2Fwp%2Fv2%2Ftags&post=185030"}],"curies":[{"name":"wp","href":"https:\/\/api.w.org\/{rel}","templated":true}]}}