{"id":185028,"date":"2021-07-08T01:06:09","date_gmt":"2021-07-08T04:06:09","guid":{"rendered":"https:\/\/diarioregionaldigital.com.br\/?p=185028"},"modified":"2021-07-08T01:06:09","modified_gmt":"2021-07-08T04:06:09","slug":"prefeitura-municipal-de-tocantins-errata-licitatorio-no077-08-07-2021","status":"publish","type":"post","link":"https:\/\/diarioregionaldigital.com.br\/?p=185028","title":{"rendered":"Prefeitura Municipal de Tocantins &#8211; Errata &#8211; Licitat\u00f3rio n\u00ba077 &#8211; 08\/07\/2021"},"content":{"rendered":"<p style=\"text-align: center;\"><strong>PRE<\/strong><strong>FEITURA MUNICIPAL DE TOCANTINS<\/strong><\/p>\n<p style=\"text-align: center;\"><strong>ERRATA<\/strong><\/p>\n<p style=\"text-align: center;\"><strong>O M<\/strong><strong>UN<\/strong><strong>I<\/strong><strong>C<\/strong><strong>\u00cd<\/strong><strong>P<\/strong><strong>I<\/strong><strong>O DE TOCANTINS \u2013 PREFEITURA MUNICIPAL DE TOCANTINS, <\/strong>torna p\u00fablico que em refer\u00eancia ao <strong>Processo Licitat\u00f3rio n\u00ba 077\/2021<\/strong>, <strong>Preg\u00e3o Presencial n\u00ba 035\/2021<\/strong>, cujo objeto \u00e9 a contrata\u00e7\u00e3o de empresa especializada para fornecimento de <strong>MATERIAIS DE CONSTRU\u00c7\u00c3O DIVERSOS<\/strong>, a data de abertura da sess\u00e3o foi digitada incorretamente. A incorre\u00e7\u00e3o j\u00e1 foi retificada e republicada. Data correta da abertura dia <strong>22\/07\/2021<\/strong> \u00e0s <strong>8:30 horas<\/strong>, conforme edital completo que pode ser consultado no endere\u00e7o <strong>www.tocantins.mg.gov.br<\/strong>.<\/p>\n","protected":false},"excerpt":{"rendered":"<p>PREFEITURA MUNICIPAL DE TOCANTINS ERRATA O MUNIC\u00cdPIO DE TOCANTINS \u2013 PREFEITURA MUNICIPAL DE TOCANTINS, torna p\u00fablico que em refer\u00eancia ao Processo Licitat\u00f3rio n\u00ba 077\/2021, Preg\u00e3o Presencial n\u00ba 035\/2021, cujo objeto \u00e9 a contrata\u00e7\u00e3o de empresa especializada para fornecimento de MATERIAIS DE CONSTRU\u00c7\u00c3O DIVERSOS, a data de abertura da sess\u00e3o foi digitada incorretamente. A incorre\u00e7\u00e3o j\u00e1 [&hellip;]<\/p>\n","protected":false},"author":96,"featured_media":0,"comment_status":"closed","ping_status":"closed","sticky":false,"template":"","format":"standard","meta":{"footnotes":""},"categories":[307],"tags":[],"class_list":["post-185028","post","type-post","status-publish","format-standard","hentry","category-editais"],"_links":{"self":[{"href":"https:\/\/diarioregionaldigital.com.br\/index.php?rest_route=\/wp\/v2\/posts\/185028","targetHints":{"allow":["GET"]}}],"collection":[{"href":"https:\/\/diarioregionaldigital.com.br\/index.php?rest_route=\/wp\/v2\/posts"}],"about":[{"href":"https:\/\/diarioregionaldigital.com.br\/index.php?rest_route=\/wp\/v2\/types\/post"}],"author":[{"embeddable":true,"href":"https:\/\/diarioregionaldigital.com.br\/index.php?rest_route=\/wp\/v2\/users\/96"}],"replies":[{"embeddable":true,"href":"https:\/\/diarioregionaldigital.com.br\/index.php?rest_route=%2Fwp%2Fv2%2Fcomments&post=185028"}],"version-history":[{"count":1,"href":"https:\/\/diarioregionaldigital.com.br\/index.php?rest_route=\/wp\/v2\/posts\/185028\/revisions"}],"predecessor-version":[{"id":185029,"href":"https:\/\/diarioregionaldigital.com.br\/index.php?rest_route=\/wp\/v2\/posts\/185028\/revisions\/185029"}],"wp:attachment":[{"href":"https:\/\/diarioregionaldigital.com.br\/index.php?rest_route=%2Fwp%2Fv2%2Fmedia&parent=185028"}],"wp:term":[{"taxonomy":"category","embeddable":true,"href":"https:\/\/diarioregionaldigital.com.br\/index.php?rest_route=%2Fwp%2Fv2%2Fcategories&post=185028"},{"taxonomy":"post_tag","embeddable":true,"href":"https:\/\/diarioregionaldigital.com.br\/index.php?rest_route=%2Fwp%2Fv2%2Ftags&post=185028"}],"curies":[{"name":"wp","href":"https:\/\/api.w.org\/{rel}","templated":true}]}}