{"id":184911,"date":"2021-07-06T06:00:44","date_gmt":"2021-07-06T09:00:44","guid":{"rendered":"https:\/\/diarioregionaldigital.com.br\/?p=184911"},"modified":"2021-07-07T00:25:04","modified_gmt":"2021-07-07T03:25:04","slug":"morre-eduardo-gomes-colunista-do-diario-regional-aos-68-anos","status":"publish","type":"post","link":"https:\/\/diarioregionaldigital.com.br\/?p=184911","title":{"rendered":"Morre Eduardo Gomes, colunista do Di\u00e1rio Regional, aos 68 anos"},"content":{"rendered":"<h5 style=\"text-align: center;\"><img loading=\"lazy\" decoding=\"async\" class=\"aligncenter wp-image-184885\" src=\"https:\/\/diarioregionaldigital.com.br\/wp-content\/uploads\/2021\/07\/fotoa-1-scaled-e1625596239412.jpg\" alt=\"\" width=\"680\" height=\"449\" srcset=\"https:\/\/diarioregionaldigital.com.br\/wp-content\/uploads\/2021\/07\/fotoa-1-scaled-e1625596239412.jpg 2188w, https:\/\/diarioregionaldigital.com.br\/wp-content\/uploads\/2021\/07\/fotoa-1-scaled-e1625596239412-300x198.jpg 300w, https:\/\/diarioregionaldigital.com.br\/wp-content\/uploads\/2021\/07\/fotoa-1-scaled-e1625596239412-1024x677.jpg 1024w, https:\/\/diarioregionaldigital.com.br\/wp-content\/uploads\/2021\/07\/fotoa-1-scaled-e1625596239412-768x508.jpg 768w, https:\/\/diarioregionaldigital.com.br\/wp-content\/uploads\/2021\/07\/fotoa-1-scaled-e1625596239412-1536x1015.jpg 1536w, https:\/\/diarioregionaldigital.com.br\/wp-content\/uploads\/2021\/07\/fotoa-1-scaled-e1625596239412-2048x1353.jpg 2048w, https:\/\/diarioregionaldigital.com.br\/wp-content\/uploads\/2021\/07\/fotoa-1-scaled-e1625596239412-1440x950.jpg 1440w, https:\/\/diarioregionaldigital.com.br\/wp-content\/uploads\/2021\/07\/fotoa-1-scaled-e1625596239412-360x238.jpg 360w\" sizes=\"auto, (max-width: 680px) 100vw, 680px\" \/><\/h5>\n<p style=\"text-align: left;\">\u00a0 \u00a0 \u00a0A equipe do Di\u00e1rio Regional lamenta profundamente a perda do colunista Eduardo Gomes, um dos colunistas mais antigos do nosso jornal.<br \/>\nAl\u00e9m de j\u00e1 ter trabalhado em outros ve\u00edculos importantes de comunica\u00e7\u00e3o de Juiz de Fora, como TVE e a TV Panorama, o colunista far\u00e1 uma grande falta nos meios de comunica\u00e7\u00e3o juizforanos.<br \/>\nEduardo, que recebeu o t\u00edtulo honor\u00edfico de cidad\u00e3o benem\u00e9rito de Juiz de Fora em 2004, sofreu um infarto e foi encontrado morto dentro de um quarto do flat onde residia, no Centro de Juiz de Fora.<br \/>\nFigura mais do que popular em Juiz de Fora, Eduardo Gomes far\u00e1 muita falta em nossa reda\u00e7\u00e3o. Estimamos a perda de um dos mais talentosos colunistas que passaram pelo Di\u00e1rio Regional, que sempre distribuiu motiva\u00e7\u00e3o e bom \u00e2nimo a todos que desfrutaram de sua presen\u00e7a, sem d\u00favida alguma nos deixa perplexos e enlutados. Neste momento nos unimos em ora\u00e7\u00e3o \u00e0 sua fam\u00edlia e amigos para que esta perda possa ser compreendida com a esperan\u00e7a do conforto de Deus.<\/p>\n<p>__________________________________________________________________________________________________________________<\/p>\n<p>\u201cEstou muito sentida com a perda do nosso querido colunista Eduardo Gomes, principalmente por ter sido de forma t\u00e3o brusca. Mas com certeza ele deixou muita coisa boa, um legado muito importante para a nossa cidade. Ele nos deu muita alegria atrav\u00e9s do seu conv\u00edvio e das suas colunas sociais di\u00e1rias. Ele era uma pessoa muito alegre, cativante e respons\u00e1vel, tinha um compromisso muito grande com todos. Sempre preocupado em escrever de forma positiva e agrad\u00e1vel. \u00c9 uma perda irrepar\u00e1vel para toda a equipe do jornal Di\u00e1rio Regional e para toda a cidade de Juiz de Fora. Um grande abra\u00e7o para todos os familiares e para todos que acompanhavam a sua coluna social.\u201d Jane Arag\u00e3o Diretor-executivo do Di\u00e1rio Regional<\/p>\n<div id=\"attachment_184888\" style=\"width: 690px\" class=\"wp-caption aligncenter\"><img loading=\"lazy\" decoding=\"async\" aria-describedby=\"caption-attachment-184888\" class=\"wp-image-184888\" src=\"https:\/\/diarioregionaldigital.com.br\/wp-content\/uploads\/2021\/07\/fotoe.jpeg\" alt=\"\" width=\"680\" height=\"481\" srcset=\"https:\/\/diarioregionaldigital.com.br\/wp-content\/uploads\/2021\/07\/fotoe.jpeg 750w, https:\/\/diarioregionaldigital.com.br\/wp-content\/uploads\/2021\/07\/fotoe-300x212.jpeg 300w, https:\/\/diarioregionaldigital.com.br\/wp-content\/uploads\/2021\/07\/fotoe-360x254.jpeg 360w, https:\/\/diarioregionaldigital.com.br\/wp-content\/uploads\/2021\/07\/fotoe-100x70.jpeg 100w\" sizes=\"auto, (max-width: 680px) 100vw, 680px\" \/><p id=\"caption-attachment-184888\" class=\"wp-caption-text\">Eduardo Gomes e Jane Arag\u00e3o<\/p><\/div>\n<p>__________________________________________________________________________________________________________________<\/p>\n<p>\u201cTodos n\u00f3s da equipe do Di\u00e1rio Regional vamos sentir muito a falta do nosso amigo Eduardo Gomes. Ele sempre tinha uma palavra de carinho, uma balinha, um bombom! Sempre foi muito carinhoso e atencioso com todos n\u00f3s. Era um profissional realizado, realmente amava o que fazia e por isso fazia t\u00e3o bem e com tanta compet\u00eancia. Com certeza toda a cidade de Juiz de Fora ir\u00e1 sentir a sua falta, ele era muito querido! Desejamos muita for\u00e7a a todos os familiares nesse momento t\u00e3o dif\u00edcil.\u201d Fl\u00e1via Arag\u00e3o Diretora Financeira do Di\u00e1rio Regional<\/p>\n<div id=\"attachment_184884\" style=\"width: 690px\" class=\"wp-caption aligncenter\"><img loading=\"lazy\" decoding=\"async\" aria-describedby=\"caption-attachment-184884\" class=\"wp-image-184884\" src=\"https:\/\/diarioregionaldigital.com.br\/wp-content\/uploads\/2021\/07\/fotoa-2.jpeg\" alt=\"\" width=\"680\" height=\"481\" srcset=\"https:\/\/diarioregionaldigital.com.br\/wp-content\/uploads\/2021\/07\/fotoa-2.jpeg 750w, https:\/\/diarioregionaldigital.com.br\/wp-content\/uploads\/2021\/07\/fotoa-2-300x212.jpeg 300w, https:\/\/diarioregionaldigital.com.br\/wp-content\/uploads\/2021\/07\/fotoa-2-360x254.jpeg 360w, https:\/\/diarioregionaldigital.com.br\/wp-content\/uploads\/2021\/07\/fotoa-2-100x70.jpeg 100w\" sizes=\"auto, (max-width: 680px) 100vw, 680px\" \/><p id=\"caption-attachment-184884\" class=\"wp-caption-text\">Eduardo Gomes e Fl\u00e1via Arag\u00e3o<\/p><\/div>\n<p>_______________________________________________________________________________________________________________<\/p>\n<p>\u201cEduardo foi amigo. Sim. Amigo porque era de toda a cidade. N\u00e3o se conhecia quem n\u00e3o o quisesse como amigo. Todas as potencialidades da cidade, todos os arrojos, todas as vit\u00f3rias e conquistas eram festejadas por Eduardo. Assim Eduardo era meu, nosso amigo. Fico triste com sua partida, porque socialmente ele se sentia realizado. Por si, pela sua boa vontade, pela sua amizade, v\u00e1 Eduardo, acenda a luz para quando n\u00f3s aqui viermos a passar. Obrigado por sua exist\u00eancia\u201d. Jos\u00e9 Roberto Abramo<\/p>\n<div id=\"attachment_184886\" style=\"width: 690px\" class=\"wp-caption aligncenter\"><img loading=\"lazy\" decoding=\"async\" aria-describedby=\"caption-attachment-184886\" class=\"wp-image-184886\" src=\"https:\/\/diarioregionaldigital.com.br\/wp-content\/uploads\/2021\/07\/fotob.jpeg\" alt=\"\" width=\"680\" height=\"453\" srcset=\"https:\/\/diarioregionaldigital.com.br\/wp-content\/uploads\/2021\/07\/fotob.jpeg 768w, https:\/\/diarioregionaldigital.com.br\/wp-content\/uploads\/2021\/07\/fotob-300x200.jpeg 300w, https:\/\/diarioregionaldigital.com.br\/wp-content\/uploads\/2021\/07\/fotob-360x240.jpeg 360w\" sizes=\"auto, (max-width: 680px) 100vw, 680px\" \/><p id=\"caption-attachment-184886\" class=\"wp-caption-text\">Eduardo Gomes Jos\u00e9 Roberto Abramo<\/p><\/div>\n<p>__________________________________________________________________________________________________________________<\/p>\n<p>\u201cHoje um anjo foi pro c\u00e9u, perdemos uma pessoa maravilhosa e um dos grandes colunistas de Juiz de Fora do Di\u00e1rio Regional, que al\u00e9m de tudo era meu padrinho e grande amigo. levarei o senhor dentro do meu cora\u00e7\u00e3o, nunca me esquecerei do senhor. todos os t\u00edtulos que ganhei e que ganho s\u00e3o todos seus tamb\u00e9m. Obrigada por tanto.\u201d Emilainy Werneck<\/p>\n<div id=\"attachment_184887\" style=\"width: 690px\" class=\"wp-caption aligncenter\"><img loading=\"lazy\" decoding=\"async\" aria-describedby=\"caption-attachment-184887\" class=\"wp-image-184887\" src=\"https:\/\/diarioregionaldigital.com.br\/wp-content\/uploads\/2021\/07\/fotoc-e1625596550971.jpeg\" alt=\"\" width=\"680\" height=\"515\" srcset=\"https:\/\/diarioregionaldigital.com.br\/wp-content\/uploads\/2021\/07\/fotoc-e1625596550971.jpeg 713w, https:\/\/diarioregionaldigital.com.br\/wp-content\/uploads\/2021\/07\/fotoc-e1625596550971-300x227.jpeg 300w, https:\/\/diarioregionaldigital.com.br\/wp-content\/uploads\/2021\/07\/fotoc-e1625596550971-360x273.jpeg 360w\" sizes=\"auto, (max-width: 680px) 100vw, 680px\" \/><p id=\"caption-attachment-184887\" class=\"wp-caption-text\">Eduardo Gomes e Emiliainy Werneck<\/p><\/div>\n<p>__________________________________________________________________________________________________________________<\/p>\n<p>\u201cConheci o Eduardo em 2018 quando entrei como estagi\u00e1ria de design gr\u00e1fico no Di\u00e1rio Regional, sempre foi uma pessoa muito acolhedora e que chega com sua alegria, deixando as tardes ainda mais alegres, uma pessoa que n\u00e3o deixava se abalar e procurava sempre uma forma de mimar seus colegas de trabalho seja com um brinde ou uma comidinha. Antes de chegar na reda\u00e7\u00e3o j\u00e1 escutava sua voz cumprimentando a todos que encontrava pelo corredor. Um colunista que dava valor ao seu trabalho, gostava de revelar todas as fotos que ia para sua coluna mesmo digital. E depois presentear os amigos. Eduardo far\u00e1 muita falta para a coluna social do Di\u00e1rio Regional. Uma perda enorme para o jornalismo juizforano. Que este amigo descanse em paz. E que sempre lembraremos de suas gargalhadas e alegria.\u201d Danielle Zamboni &#8211; Designer Gr\u00e1fico do grupo Sircom.<\/p>\n<div id=\"attachment_184912\" style=\"width: 690px\" class=\"wp-caption aligncenter\"><img loading=\"lazy\" decoding=\"async\" aria-describedby=\"caption-attachment-184912\" class=\"wp-image-184912\" src=\"https:\/\/diarioregionaldigital.com.br\/wp-content\/uploads\/2021\/07\/fotod-2-scaled.jpg\" alt=\"\" width=\"680\" height=\"454\" srcset=\"https:\/\/diarioregionaldigital.com.br\/wp-content\/uploads\/2021\/07\/fotod-2-scaled.jpg 2560w, https:\/\/diarioregionaldigital.com.br\/wp-content\/uploads\/2021\/07\/fotod-2-300x200.jpg 300w, https:\/\/diarioregionaldigital.com.br\/wp-content\/uploads\/2021\/07\/fotod-2-1024x683.jpg 1024w, https:\/\/diarioregionaldigital.com.br\/wp-content\/uploads\/2021\/07\/fotod-2-768x512.jpg 768w, https:\/\/diarioregionaldigital.com.br\/wp-content\/uploads\/2021\/07\/fotod-2-1536x1025.jpg 1536w, https:\/\/diarioregionaldigital.com.br\/wp-content\/uploads\/2021\/07\/fotod-2-2048x1367.jpg 2048w, https:\/\/diarioregionaldigital.com.br\/wp-content\/uploads\/2021\/07\/fotod-2-360x240.jpg 360w\" sizes=\"auto, (max-width: 680px) 100vw, 680px\" \/><p id=\"caption-attachment-184912\" class=\"wp-caption-text\">Eduardo Gomes, Fl\u00e1via Arag\u00e3o, Danielle Zamboni e Jane Arag\u00e3o<\/p><\/div>\n<p>__________________________________________________________________________________________________________________<\/p>\n<p>\u201cO Eduardo Gomes foi um amigo da fam\u00edlia, meu pai o estimou muito. Durante um per\u00edodo meu Pai escreveu para o Di\u00e1rio Regional, ainda na d\u00e9cada de 90, in\u00edcio dos anos 2000, e tinha uma rela\u00e7\u00e3o social com ele. E a minha m\u00e3e, que em um per\u00edodo mais recente, teve mais contato com o Eduardo, gostava e gosta muito dele! \u00c9 um grande profissional que vai deixar uma lacuna que jamais poder\u00e1 ser preenchida na cidade, ele \u00e9 uma refer\u00eancia. A cidade toda aguardava para ver e se ver na coluna dele, ele imortalizou grandes eventos e tamb\u00e9m muitas festividades que foram significativas para in\u00fameras fam\u00edlias. Ele vai fazer muita falta como pessoa, pois tinha um cora\u00e7\u00e3o enorme, era uma pessoa sempre simp\u00e1tica, muito humilde. H\u00e1 que se registrar isso. Mas sobretudo profissionalmente a cidade perde uma refer\u00eancia. Mas que ele v\u00e1 com Deus e com certeza nesse momento est\u00e1 na Gl\u00f3ria com o Pai.\u201d Oleg Abramov<\/p>\n<p>__________________________________________________________________________________________________________________<\/p>\n<p>\u201cQuando um amigo se cala, nosso cora\u00e7\u00e3o continua ouvindo seu cora\u00e7\u00e3o. Tivemos o privil\u00e9gio de conhecer e conviver com um homem bom, simplesmente bom. Sua simplicidade n\u00e3o admitiria outro adjetivo, embora ele fosse merecedor de tantos outros. Isso \u00e9 o m\u00ednimo que eu posso falar do Eduardo Gomes, que foi muito amigo da nossa fam\u00edlia. Nosso sentimento, da fam\u00edlia Abramov a todos os amigos e familiares.\u201d<br \/>\nJoana D\u2019Arc Torres Abramov<\/p>\n","protected":false},"excerpt":{"rendered":"<p>\u00a0 \u00a0 \u00a0A equipe do Di\u00e1rio Regional lamenta profundamente a perda do colunista Eduardo Gomes, um dos colunistas mais antigos do nosso jornal. Al\u00e9m de j\u00e1 ter trabalhado em outros ve\u00edculos importantes de comunica\u00e7\u00e3o de Juiz de Fora, como TVE e a TV Panorama, o colunista far\u00e1 uma grande falta nos meios de comunica\u00e7\u00e3o juizforanos. [&hellip;]<\/p>\n","protected":false},"author":253,"featured_media":184885,"comment_status":"closed","ping_status":"closed","sticky":false,"template":"","format":"standard","meta":{"footnotes":""},"categories":[264],"tags":[],"class_list":["post-184911","post","type-post","status-publish","format-standard","has-post-thumbnail","hentry","category-eduardo-gomes"],"_links":{"self":[{"href":"https:\/\/diarioregionaldigital.com.br\/index.php?rest_route=\/wp\/v2\/posts\/184911","targetHints":{"allow":["GET"]}}],"collection":[{"href":"https:\/\/diarioregionaldigital.com.br\/index.php?rest_route=\/wp\/v2\/posts"}],"about":[{"href":"https:\/\/diarioregionaldigital.com.br\/index.php?rest_route=\/wp\/v2\/types\/post"}],"author":[{"embeddable":true,"href":"https:\/\/diarioregionaldigital.com.br\/index.php?rest_route=\/wp\/v2\/users\/253"}],"replies":[{"embeddable":true,"href":"https:\/\/diarioregionaldigital.com.br\/index.php?rest_route=%2Fwp%2Fv2%2Fcomments&post=184911"}],"version-history":[{"count":3,"href":"https:\/\/diarioregionaldigital.com.br\/index.php?rest_route=\/wp\/v2\/posts\/184911\/revisions"}],"predecessor-version":[{"id":184916,"href":"https:\/\/diarioregionaldigital.com.br\/index.php?rest_route=\/wp\/v2\/posts\/184911\/revisions\/184916"}],"wp:featuredmedia":[{"embeddable":true,"href":"https:\/\/diarioregionaldigital.com.br\/index.php?rest_route=\/wp\/v2\/media\/184885"}],"wp:attachment":[{"href":"https:\/\/diarioregionaldigital.com.br\/index.php?rest_route=%2Fwp%2Fv2%2Fmedia&parent=184911"}],"wp:term":[{"taxonomy":"category","embeddable":true,"href":"https:\/\/diarioregionaldigital.com.br\/index.php?rest_route=%2Fwp%2Fv2%2Fcategories&post=184911"},{"taxonomy":"post_tag","embeddable":true,"href":"https:\/\/diarioregionaldigital.com.br\/index.php?rest_route=%2Fwp%2Fv2%2Ftags&post=184911"}],"curies":[{"name":"wp","href":"https:\/\/api.w.org\/{rel}","templated":true}]}}