{"id":184878,"date":"2021-07-05T21:04:45","date_gmt":"2021-07-06T00:04:45","guid":{"rendered":"https:\/\/diarioregionaldigital.com.br\/?p=184878"},"modified":"2021-07-05T21:04:45","modified_gmt":"2021-07-06T00:04:45","slug":"cerca-de-250-metros-de-redes-de-esgoto-foram-remodelados-pela-cesama-no-bairro-santos-anjos","status":"publish","type":"post","link":"https:\/\/diarioregionaldigital.com.br\/?p=184878","title":{"rendered":"Cerca de 250 metros de redes de esgoto foram remodelados pela Cesama no bairro Santos Anjos"},"content":{"rendered":"<p>Na \u00faltima semana, a Companhia de Saneamento Municipal (Cesama) da Prefeitura de Juiz de Fora (PJF) deu in\u00edcio aos trabalhos de remodela\u00e7\u00e3o de 250 metros de redes de esgoto na rua Palmira Pessoa, no bairro Santos Anjos. A via est\u00e1 recebendo tubos de PVC ocre, com 200 e 150 mil\u00edmetros de di\u00e2metro, que ir\u00e3o otimizar os servi\u00e7os de coleta local. A previs\u00e3o \u00e9 de que a obra seja conclu\u00edda at\u00e9 o final de agosto.<\/p>\n<p>Segundo informa\u00e7\u00f5es do site da Prefeitura de Juis de Fora, para realiza\u00e7\u00e3o da interven\u00e7\u00e3o foi preciso interditar totalmente o tr\u00e2nsito na via, de segunda a sexta-feira, das 7h30 \u00e0s 17h, em tr\u00eas trechos: entre as ruas Ces\u00e1rio Alvim e Arminda Fran\u00e7a Mendes; entre as ruas Arminda Fran\u00e7a Mendes e Todos os Santos e entre as ruas Todos os Santos e Padre Arnaldo Jansen. Assim, a Cesama pede aos moradores que, se poss\u00edvel, retirem seus ve\u00edculos da via antes do in\u00edcio dos trabalhos.<\/p>\n<p>As a\u00e7\u00f5es de remodela\u00e7\u00e3o s\u00e3o realizadas ao longo de todo o ano, seguindo programa\u00e7\u00e3o de prioridades, quando \u00e9 avaliada a necessidade de troca. Esta an\u00e1lise leva em conta a antiguidade e o desgaste do material, o fato de o dimensionamento da tubula\u00e7\u00e3o j\u00e1 n\u00e3o ser compat\u00edvel com o n\u00famero de im\u00f3veis atendidos e os transtornos causados aos usu\u00e1rios do sistema, al\u00e9m dos custos de manuten\u00e7\u00e3o.<\/p>\n","protected":false},"excerpt":{"rendered":"<p>Na \u00faltima semana, a Companhia de Saneamento Municipal (Cesama) da Prefeitura de Juiz de Fora (PJF) deu in\u00edcio aos trabalhos de remodela\u00e7\u00e3o de 250 metros de redes de esgoto na rua Palmira Pessoa, no bairro Santos Anjos. A via est\u00e1 recebendo tubos de PVC ocre, com 200 e 150 mil\u00edmetros de di\u00e2metro, que ir\u00e3o otimizar [&hellip;]<\/p>\n","protected":false},"author":246,"featured_media":184879,"comment_status":"closed","ping_status":"closed","sticky":false,"template":"","format":"standard","meta":{"footnotes":""},"categories":[253,436,439],"tags":[],"class_list":["post-184878","post","type-post","status-publish","format-standard","has-post-thumbnail","hentry","category-cidade","category-destaque-da-semana","category-ultima-hora"],"_links":{"self":[{"href":"https:\/\/diarioregionaldigital.com.br\/index.php?rest_route=\/wp\/v2\/posts\/184878","targetHints":{"allow":["GET"]}}],"collection":[{"href":"https:\/\/diarioregionaldigital.com.br\/index.php?rest_route=\/wp\/v2\/posts"}],"about":[{"href":"https:\/\/diarioregionaldigital.com.br\/index.php?rest_route=\/wp\/v2\/types\/post"}],"author":[{"embeddable":true,"href":"https:\/\/diarioregionaldigital.com.br\/index.php?rest_route=\/wp\/v2\/users\/246"}],"replies":[{"embeddable":true,"href":"https:\/\/diarioregionaldigital.com.br\/index.php?rest_route=%2Fwp%2Fv2%2Fcomments&post=184878"}],"version-history":[{"count":2,"href":"https:\/\/diarioregionaldigital.com.br\/index.php?rest_route=\/wp\/v2\/posts\/184878\/revisions"}],"predecessor-version":[{"id":184881,"href":"https:\/\/diarioregionaldigital.com.br\/index.php?rest_route=\/wp\/v2\/posts\/184878\/revisions\/184881"}],"wp:featuredmedia":[{"embeddable":true,"href":"https:\/\/diarioregionaldigital.com.br\/index.php?rest_route=\/wp\/v2\/media\/184879"}],"wp:attachment":[{"href":"https:\/\/diarioregionaldigital.com.br\/index.php?rest_route=%2Fwp%2Fv2%2Fmedia&parent=184878"}],"wp:term":[{"taxonomy":"category","embeddable":true,"href":"https:\/\/diarioregionaldigital.com.br\/index.php?rest_route=%2Fwp%2Fv2%2Fcategories&post=184878"},{"taxonomy":"post_tag","embeddable":true,"href":"https:\/\/diarioregionaldigital.com.br\/index.php?rest_route=%2Fwp%2Fv2%2Ftags&post=184878"}],"curies":[{"name":"wp","href":"https:\/\/api.w.org\/{rel}","templated":true}]}}