{"id":184875,"date":"2021-07-05T21:01:53","date_gmt":"2021-07-06T00:01:53","guid":{"rendered":"https:\/\/diarioregionaldigital.com.br\/?p=184875"},"modified":"2021-07-05T21:01:53","modified_gmt":"2021-07-06T00:01:53","slug":"novo-horario-na-linha-universidade-e-acrescentado-pela-smu","status":"publish","type":"post","link":"https:\/\/diarioregionaldigital.com.br\/?p=184875","title":{"rendered":"Novo hor\u00e1rio na linha Universidade \u00e9 acrescentado pela SMU"},"content":{"rendered":"<p>A partir desta ter\u00e7a-feira, 6, atendendo a uma solicita\u00e7\u00e3o dos estudantes dos cursos da \u00e1rea de sa\u00fade da Universidade Federal de Juiz de Fora (UFJF), a Secretaria de Mobilidade Urbana (SMU) acrescenta um novo hor\u00e1rio na linha de \u00f4nibus 525 (Universidade). Com a altera\u00e7\u00e3o, a circula\u00e7\u00e3o do coletivo iniciar\u00e1 \u00e0s 6h, com sa\u00edda do ponto da Avenida Get\u00falio Vargas, no Centro, e n\u00e3o mais \u00e0s 6h30 como estava previsto.<\/p>\n<p>Segundo informa\u00e7\u00f5es do site da Prefeitura de Juiz de Fora, o quadro de hor\u00e1rio prev\u00ea partidas de 30 em 30 minutos do Centro at\u00e9 18h30. O \u00faltimo coletivo partindo do campus em dire\u00e7\u00e3o ao Centro partir\u00e1 \u00e0s 19h. A linha 525 vai circular somente nos dias \u00fateis, com itiner\u00e1rio diferenciado, atendendo apenas as faculdades da \u00e1rea de sa\u00fade, que ser\u00e3o as \u00fanicas com retorno \u00e0s atividades presenciais. Ap\u00f3s a partida da Avenida Get\u00falio Vargas, no Centro, o coletivo segue pela Avenida Presidente Itamar Franco com acesso \u00e0 UFJF pelo p\u00f3rtico Sul. O itiner\u00e1rio de retorno ao Centro ser\u00e1 pela sa\u00edda do p\u00f3rtico Norte, no bairro S\u00e3o Pedro, pela Rua Jos\u00e9 Louren\u00e7o Kelmer.<\/p>\n<p>O retorno das atividades parciais na UFJF se d\u00e1 ap\u00f3s publica\u00e7\u00e3o da Prefeitura de Juiz de Fora (PJF) na \u00faltima sexta-feira, 2, de uma nota t\u00e9cnica regulamentando as atividades pr\u00e1ticas presenciais e dos est\u00e1gios curriculares obrigat\u00f3rios nos cursos de n\u00edvel t\u00e9cnico e de gradua\u00e7\u00e3o das 14 profiss\u00f5es da \u00e1rea da sa\u00fade.<\/p>\n","protected":false},"excerpt":{"rendered":"<p>A partir desta ter\u00e7a-feira, 6, atendendo a uma solicita\u00e7\u00e3o dos estudantes dos cursos da \u00e1rea de sa\u00fade da Universidade Federal de Juiz de Fora (UFJF), a Secretaria de Mobilidade Urbana (SMU) acrescenta um novo hor\u00e1rio na linha de \u00f4nibus 525 (Universidade). Com a altera\u00e7\u00e3o, a circula\u00e7\u00e3o do coletivo iniciar\u00e1 \u00e0s 6h, com sa\u00edda do ponto [&hellip;]<\/p>\n","protected":false},"author":246,"featured_media":184876,"comment_status":"closed","ping_status":"closed","sticky":false,"template":"","format":"standard","meta":{"footnotes":""},"categories":[253,436,439],"tags":[],"class_list":["post-184875","post","type-post","status-publish","format-standard","has-post-thumbnail","hentry","category-cidade","category-destaque-da-semana","category-ultima-hora"],"_links":{"self":[{"href":"https:\/\/diarioregionaldigital.com.br\/index.php?rest_route=\/wp\/v2\/posts\/184875","targetHints":{"allow":["GET"]}}],"collection":[{"href":"https:\/\/diarioregionaldigital.com.br\/index.php?rest_route=\/wp\/v2\/posts"}],"about":[{"href":"https:\/\/diarioregionaldigital.com.br\/index.php?rest_route=\/wp\/v2\/types\/post"}],"author":[{"embeddable":true,"href":"https:\/\/diarioregionaldigital.com.br\/index.php?rest_route=\/wp\/v2\/users\/246"}],"replies":[{"embeddable":true,"href":"https:\/\/diarioregionaldigital.com.br\/index.php?rest_route=%2Fwp%2Fv2%2Fcomments&post=184875"}],"version-history":[{"count":1,"href":"https:\/\/diarioregionaldigital.com.br\/index.php?rest_route=\/wp\/v2\/posts\/184875\/revisions"}],"predecessor-version":[{"id":184877,"href":"https:\/\/diarioregionaldigital.com.br\/index.php?rest_route=\/wp\/v2\/posts\/184875\/revisions\/184877"}],"wp:featuredmedia":[{"embeddable":true,"href":"https:\/\/diarioregionaldigital.com.br\/index.php?rest_route=\/wp\/v2\/media\/184876"}],"wp:attachment":[{"href":"https:\/\/diarioregionaldigital.com.br\/index.php?rest_route=%2Fwp%2Fv2%2Fmedia&parent=184875"}],"wp:term":[{"taxonomy":"category","embeddable":true,"href":"https:\/\/diarioregionaldigital.com.br\/index.php?rest_route=%2Fwp%2Fv2%2Fcategories&post=184875"},{"taxonomy":"post_tag","embeddable":true,"href":"https:\/\/diarioregionaldigital.com.br\/index.php?rest_route=%2Fwp%2Fv2%2Ftags&post=184875"}],"curies":[{"name":"wp","href":"https:\/\/api.w.org\/{rel}","templated":true}]}}