{"id":184872,"date":"2021-07-05T20:58:05","date_gmt":"2021-07-05T23:58:05","guid":{"rendered":"https:\/\/diarioregionaldigital.com.br\/?p=184872"},"modified":"2021-07-05T20:58:05","modified_gmt":"2021-07-05T23:58:05","slug":"festa-clandestina-e-encerrada-pela-fiscalizacao-com-cerca-de-400-pessoas","status":"publish","type":"post","link":"https:\/\/diarioregionaldigital.com.br\/?p=184872","title":{"rendered":"Festa clandestina \u00e9 encerrada pela Fiscaliza\u00e7\u00e3o com cerca de 400 pessoas"},"content":{"rendered":"<p>Na noite deste domingo, 4, a Pol\u00edcia Civil acionou a fiscaliza\u00e7\u00e3o de posturas municipais para apoio em a\u00e7\u00e3o de encerramento de festa clandestina na Cidade Alta, na estrada que liga o Alphaville com a BR-040. A a\u00e7\u00e3o contou, ainda, com o apoio da Pol\u00edcia Militar (PMMG).<\/p>\n<p>Segundo informa\u00e7\u00f5es do site da Prefeitura de Juiz de Fora, a estimativa \u00e9 que no local havia cerca de 400 pessoas. A festa clandestina foi encerrada e foram emitidos dois autos de infra\u00e7\u00e3o: um por realiza\u00e7\u00e3o de evento sem autoriza\u00e7\u00e3o, cujo valor \u00e9 de R$ 5.058,16 e outro pelo n\u00e3o cumprimento dos protocolos sanit\u00e1rios, com valor de R$ 843,16.<\/p>\n<p>Durante o final de semana, a opera\u00e7\u00e3o \u201cFiscaliza\u00e7\u00e3o pela Vida\u201d tamb\u00e9m constatou a realiza\u00e7\u00e3o de evento clandestino no bairro Grama. O respons\u00e1vel foi autuado por realiza\u00e7\u00e3o de evento sem autoriza\u00e7\u00e3o. Entre sexta-feira, 2, e domingo, 4, a equipe de fiscaliza\u00e7\u00e3o realizou 123 vistorias. Foram emitidos cinco autos de infra\u00e7\u00e3o e duas dilig\u00eancias fiscais. Dois bares foram autuados, sendo um por aglomera\u00e7\u00e3o e outro por promover m\u00fasica ao vivo.<\/p>\n","protected":false},"excerpt":{"rendered":"<p>Na noite deste domingo, 4, a Pol\u00edcia Civil acionou a fiscaliza\u00e7\u00e3o de posturas municipais para apoio em a\u00e7\u00e3o de encerramento de festa clandestina na Cidade Alta, na estrada que liga o Alphaville com a BR-040. A a\u00e7\u00e3o contou, ainda, com o apoio da Pol\u00edcia Militar (PMMG). Segundo informa\u00e7\u00f5es do site da Prefeitura de Juiz de [&hellip;]<\/p>\n","protected":false},"author":246,"featured_media":184873,"comment_status":"closed","ping_status":"closed","sticky":false,"template":"","format":"standard","meta":{"footnotes":""},"categories":[253,440,439],"tags":[],"class_list":["post-184872","post","type-post","status-publish","format-standard","has-post-thumbnail","hentry","category-cidade","category-destaques-do-dia","category-ultima-hora"],"_links":{"self":[{"href":"https:\/\/diarioregionaldigital.com.br\/index.php?rest_route=\/wp\/v2\/posts\/184872","targetHints":{"allow":["GET"]}}],"collection":[{"href":"https:\/\/diarioregionaldigital.com.br\/index.php?rest_route=\/wp\/v2\/posts"}],"about":[{"href":"https:\/\/diarioregionaldigital.com.br\/index.php?rest_route=\/wp\/v2\/types\/post"}],"author":[{"embeddable":true,"href":"https:\/\/diarioregionaldigital.com.br\/index.php?rest_route=\/wp\/v2\/users\/246"}],"replies":[{"embeddable":true,"href":"https:\/\/diarioregionaldigital.com.br\/index.php?rest_route=%2Fwp%2Fv2%2Fcomments&post=184872"}],"version-history":[{"count":1,"href":"https:\/\/diarioregionaldigital.com.br\/index.php?rest_route=\/wp\/v2\/posts\/184872\/revisions"}],"predecessor-version":[{"id":184874,"href":"https:\/\/diarioregionaldigital.com.br\/index.php?rest_route=\/wp\/v2\/posts\/184872\/revisions\/184874"}],"wp:featuredmedia":[{"embeddable":true,"href":"https:\/\/diarioregionaldigital.com.br\/index.php?rest_route=\/wp\/v2\/media\/184873"}],"wp:attachment":[{"href":"https:\/\/diarioregionaldigital.com.br\/index.php?rest_route=%2Fwp%2Fv2%2Fmedia&parent=184872"}],"wp:term":[{"taxonomy":"category","embeddable":true,"href":"https:\/\/diarioregionaldigital.com.br\/index.php?rest_route=%2Fwp%2Fv2%2Fcategories&post=184872"},{"taxonomy":"post_tag","embeddable":true,"href":"https:\/\/diarioregionaldigital.com.br\/index.php?rest_route=%2Fwp%2Fv2%2Ftags&post=184872"}],"curies":[{"name":"wp","href":"https:\/\/api.w.org\/{rel}","templated":true}]}}