{"id":184869,"date":"2021-07-05T20:51:31","date_gmt":"2021-07-05T23:51:31","guid":{"rendered":"https:\/\/diarioregionaldigital.com.br\/?p=184869"},"modified":"2021-07-05T20:51:31","modified_gmt":"2021-07-05T23:51:31","slug":"instalacao-de-luminarias-led-no-centro-da-cidade-sao-concluidas-pela-pjf","status":"publish","type":"post","link":"https:\/\/diarioregionaldigital.com.br\/?p=184869","title":{"rendered":"Instala\u00e7\u00e3o de lumin\u00e1rias LED no Centro da Cidade s\u00e3o conclu\u00eddas pela PJF"},"content":{"rendered":"<p>A instala\u00e7\u00e3o de lumin\u00e1rias de LED foi finalizada pelo departamento de Ilumina\u00e7\u00e3o P\u00fablica da Prefeitura de Juiz de Fora (PJF)\u00a0 em dez vias do centro comercial, entre a Rua Esp\u00edrito Santo e a Rua S\u00e3o Sebasti\u00e3o, no per\u00edmetro que vai da Avenida Rio Branco at\u00e9 a Rua Francisco Bernardino.<\/p>\n<p>Segundo informa\u00e7\u00f5es do site da Prefeitura de Juiz de Fora, receberam a ilumina\u00e7\u00e3o em LED as ruas Esp\u00edrito Santo, Barbosa Lima, Santa Rita, Bar\u00e3o de S\u00e3o Jo\u00e3o Nepomuceno, Halfeld, Marechal Deodoro, Mister Moore, Floriano Peixoto e S\u00e3o Sebasti\u00e3o, al\u00e9m da Jarbas de Lery Santos.<\/p>\n<p>A secret\u00e1ria de governo, Cidinha Louzada, destacou a import\u00e2ncia do projeto Brilha JF no centro comercial de Juiz de Fora. \u201cIlumina\u00e7\u00e3o significa vida, seguran\u00e7a. Por isso, \u00e9 essencial trazer o projeto de lumin\u00e1rias em LED para o centro da cidade, que \u00e9 um lugar que estava abandonado. A gente precisa resgatar o centro de Juiz de Fora como um lugar limpo, lindo e hist\u00f3rico\u201d.<\/p>\n","protected":false},"excerpt":{"rendered":"<p>A instala\u00e7\u00e3o de lumin\u00e1rias de LED foi finalizada pelo departamento de Ilumina\u00e7\u00e3o P\u00fablica da Prefeitura de Juiz de Fora (PJF)\u00a0 em dez vias do centro comercial, entre a Rua Esp\u00edrito Santo e a Rua S\u00e3o Sebasti\u00e3o, no per\u00edmetro que vai da Avenida Rio Branco at\u00e9 a Rua Francisco Bernardino. Segundo informa\u00e7\u00f5es do site da Prefeitura [&hellip;]<\/p>\n","protected":false},"author":246,"featured_media":184870,"comment_status":"closed","ping_status":"closed","sticky":false,"template":"","format":"standard","meta":{"footnotes":""},"categories":[253,436,439],"tags":[],"class_list":["post-184869","post","type-post","status-publish","format-standard","has-post-thumbnail","hentry","category-cidade","category-destaque-da-semana","category-ultima-hora"],"_links":{"self":[{"href":"https:\/\/diarioregionaldigital.com.br\/index.php?rest_route=\/wp\/v2\/posts\/184869","targetHints":{"allow":["GET"]}}],"collection":[{"href":"https:\/\/diarioregionaldigital.com.br\/index.php?rest_route=\/wp\/v2\/posts"}],"about":[{"href":"https:\/\/diarioregionaldigital.com.br\/index.php?rest_route=\/wp\/v2\/types\/post"}],"author":[{"embeddable":true,"href":"https:\/\/diarioregionaldigital.com.br\/index.php?rest_route=\/wp\/v2\/users\/246"}],"replies":[{"embeddable":true,"href":"https:\/\/diarioregionaldigital.com.br\/index.php?rest_route=%2Fwp%2Fv2%2Fcomments&post=184869"}],"version-history":[{"count":1,"href":"https:\/\/diarioregionaldigital.com.br\/index.php?rest_route=\/wp\/v2\/posts\/184869\/revisions"}],"predecessor-version":[{"id":184871,"href":"https:\/\/diarioregionaldigital.com.br\/index.php?rest_route=\/wp\/v2\/posts\/184869\/revisions\/184871"}],"wp:featuredmedia":[{"embeddable":true,"href":"https:\/\/diarioregionaldigital.com.br\/index.php?rest_route=\/wp\/v2\/media\/184870"}],"wp:attachment":[{"href":"https:\/\/diarioregionaldigital.com.br\/index.php?rest_route=%2Fwp%2Fv2%2Fmedia&parent=184869"}],"wp:term":[{"taxonomy":"category","embeddable":true,"href":"https:\/\/diarioregionaldigital.com.br\/index.php?rest_route=%2Fwp%2Fv2%2Fcategories&post=184869"},{"taxonomy":"post_tag","embeddable":true,"href":"https:\/\/diarioregionaldigital.com.br\/index.php?rest_route=%2Fwp%2Fv2%2Ftags&post=184869"}],"curies":[{"name":"wp","href":"https:\/\/api.w.org\/{rel}","templated":true}]}}