{"id":184866,"date":"2021-07-05T20:34:00","date_gmt":"2021-07-05T23:34:00","guid":{"rendered":"https:\/\/diarioregionaldigital.com.br\/?p=184866"},"modified":"2021-07-05T20:34:00","modified_gmt":"2021-07-05T23:34:00","slug":"ana-satila-da-canoagem-slalom-e-a-primeira-atleta-do-brasil-a-embarcar-para-toquio","status":"publish","type":"post","link":"https:\/\/diarioregionaldigital.com.br\/?p=184866","title":{"rendered":"Ana S\u00e1tila, da canoagem slalom, \u00e9 a primeira atleta do Brasil a embarcar para T\u00f3quio"},"content":{"rendered":"<p>A atleta de canoagem slalom Ana S\u00e1tila j\u00e1 est\u00e1 acostumada a ser pioneira em Jogos Ol\u00edmpicos. Em Londres 2012, ca\u00e7ula da delega\u00e7\u00e3o, foi a primeira a entrar na Vila Ol\u00edmpica. Agora, nove anos depois, inaugura a presen\u00e7a do Brasil em T\u00f3quio. Neste domingo, 4.07, a mineira de 25 anos embarcou para sua terceira participa\u00e7\u00e3o na competi\u00e7\u00e3o. Pedro Gon\u00e7alves, o outro representante brasileiro da modalidade, deve viajar na pr\u00f3xima semana.<\/p>\n<p>\u201c\u00c9 sempre emocionante participar dos Jogos Ol\u00edmpicos e estou feliz em ser a primeira a chegar ao Jap\u00e3o. Estou me preparando bastante e quero aproveitar muito esse per\u00edodo de treinamento. Agora \u00e9 a fase final nossa e por isso vou continuar me dedicando ao m\u00e1ximo para buscar um bom resultado\u201d, afirmou Ana S\u00e1tila, que treinar\u00e1 no local oficial dos Jogos at\u00e9 14 de julho e depois seguir\u00e1 para a Vila Ol\u00edmpica.<\/p>\n<p>A canoagem slalom \u00e9 uma das 18 modalidades com representa\u00e7\u00e3o brasileira nos Jogos Ol\u00edmpicos em que 100% dos qualificados para representar o pa\u00eds s\u00e3o integrantes do Bolsa Atleta. O programa de patroc\u00ednio individual do Governo Federal Brasileiro alcan\u00e7a 80% dos atletas garantidos em T\u00f3quio, ou 89% se n\u00e3o forem levados em considera\u00e7\u00e3o os 22 atletas do futebol masculino, j\u00e1 que a modalidade n\u00e3o integra o programa.<\/p>\n<p>Pedro Gon\u00e7alves vai aguardar um pouco mais para embarcar para os Jogos Ol\u00edmpicos. Pep\u00ea inicialmente viajaria neste domingo, por\u00e9m um dos seis exames RT-PCR feitos pelo atleta na \u00faltima semana apresentou resultado positivo por um erro declarado pelo laborat\u00f3rio no processamento.<\/p>\n<p>Embora o laborat\u00f3rio tenha assumido o erro, o COB optou por reiniciar o protocolo dentro das diretrizes estipuladas pelo pr\u00f3prio COB e pelo Comit\u00ea Organizador dos Jogos de T\u00f3quio 2020. Assim que for conclu\u00eddo o protocolo, o atleta ter\u00e1 uma nova data para embarque.<\/p>\n<p>De acordo com os protocolos estabelecidos pela Comiss\u00e3o M\u00e9dica do COB, os integrantes da delega\u00e7\u00e3o brasileira precisam apresentar teste sorol\u00f3gico, exames cl\u00ednicos e laboratoriais completos e testes RT-PCR negativos a 11 dias, 7 dias, 96h e 48h antes do embarque, al\u00e9m de teste de ant\u00edgeno no aeroporto de Guarulhos (SP). Haver\u00e1 ainda novas testagens na chegada ao Jap\u00e3o e a 72h da entrada na Vila Ol\u00edmpica, que complementar\u00e3o os protocolos exigidos pela organiza\u00e7\u00e3o.<\/p>\n<p>As pr\u00f3ximas equipes brasileiras a desembarcarem na sede ol\u00edmpica s\u00e3o a vela no dia 8; jud\u00f4 e r\u00fagbi no dia 10; e boxe no dia 12. A partir da\u00ed, haver\u00e1 chegadas de brasileiros em todos os dias at\u00e9 o in\u00edcio dos Jogos Ol\u00edmpicos, dia 23 de julho.<\/p>\n<p>Desde meados de junho, o COB j\u00e1 est\u00e1 trabalhando no Jap\u00e3o. Atualmente, 36 pessoas est\u00e3o em a\u00e7\u00e3o no pa\u00eds, organizando mais de 20 toneladas de equipamentos e materiais esportivos para a montagem das oito bases de apoio do Time Brasil.<\/p>\n<p>\u201cEstamos trabalhando intensamente nos preparativos para, quando os atletas chegarem, tudo esteja pronto e de acordo com o que foi planejado. A expectativa \u00e9 que todos tenham boas condi\u00e7\u00f5es de treinamento e possam finalizar de forma positiva a prepara\u00e7\u00e3o\u201d, afirmou Sebastian Pereira, gerente executivo de Alto Rendimento do COB e sub-chefe da Miss\u00e3o Brasileira em T\u00f3quio.<\/p>\n<p>Fonte: Comit\u00ea Ol\u00edmpico do Brasil<\/p>\n","protected":false},"excerpt":{"rendered":"<p>A atleta de canoagem slalom Ana S\u00e1tila j\u00e1 est\u00e1 acostumada a ser pioneira em Jogos Ol\u00edmpicos. Em Londres 2012, ca\u00e7ula da delega\u00e7\u00e3o, foi a primeira a entrar na Vila Ol\u00edmpica. Agora, nove anos depois, inaugura a presen\u00e7a do Brasil em T\u00f3quio. Neste domingo, 4.07, a mineira de 25 anos embarcou para sua terceira participa\u00e7\u00e3o na [&hellip;]<\/p>\n","protected":false},"author":246,"featured_media":184867,"comment_status":"closed","ping_status":"closed","sticky":false,"template":"","format":"standard","meta":{"footnotes":""},"categories":[436,257,439],"tags":[],"class_list":["post-184866","post","type-post","status-publish","format-standard","has-post-thumbnail","hentry","category-destaque-da-semana","category-esporte","category-ultima-hora"],"_links":{"self":[{"href":"https:\/\/diarioregionaldigital.com.br\/index.php?rest_route=\/wp\/v2\/posts\/184866","targetHints":{"allow":["GET"]}}],"collection":[{"href":"https:\/\/diarioregionaldigital.com.br\/index.php?rest_route=\/wp\/v2\/posts"}],"about":[{"href":"https:\/\/diarioregionaldigital.com.br\/index.php?rest_route=\/wp\/v2\/types\/post"}],"author":[{"embeddable":true,"href":"https:\/\/diarioregionaldigital.com.br\/index.php?rest_route=\/wp\/v2\/users\/246"}],"replies":[{"embeddable":true,"href":"https:\/\/diarioregionaldigital.com.br\/index.php?rest_route=%2Fwp%2Fv2%2Fcomments&post=184866"}],"version-history":[{"count":1,"href":"https:\/\/diarioregionaldigital.com.br\/index.php?rest_route=\/wp\/v2\/posts\/184866\/revisions"}],"predecessor-version":[{"id":184868,"href":"https:\/\/diarioregionaldigital.com.br\/index.php?rest_route=\/wp\/v2\/posts\/184866\/revisions\/184868"}],"wp:featuredmedia":[{"embeddable":true,"href":"https:\/\/diarioregionaldigital.com.br\/index.php?rest_route=\/wp\/v2\/media\/184867"}],"wp:attachment":[{"href":"https:\/\/diarioregionaldigital.com.br\/index.php?rest_route=%2Fwp%2Fv2%2Fmedia&parent=184866"}],"wp:term":[{"taxonomy":"category","embeddable":true,"href":"https:\/\/diarioregionaldigital.com.br\/index.php?rest_route=%2Fwp%2Fv2%2Fcategories&post=184866"},{"taxonomy":"post_tag","embeddable":true,"href":"https:\/\/diarioregionaldigital.com.br\/index.php?rest_route=%2Fwp%2Fv2%2Ftags&post=184866"}],"curies":[{"name":"wp","href":"https:\/\/api.w.org\/{rel}","templated":true}]}}