{"id":184863,"date":"2021-07-05T20:30:13","date_gmt":"2021-07-05T23:30:13","guid":{"rendered":"https:\/\/diarioregionaldigital.com.br\/?p=184863"},"modified":"2021-07-05T20:30:13","modified_gmt":"2021-07-05T23:30:13","slug":"brasil-e-superado-pela-alemanha-na-final-do-pre-olimpico-e-esta-fora-dos-jogos-de-toquio","status":"publish","type":"post","link":"https:\/\/diarioregionaldigital.com.br\/?p=184863","title":{"rendered":"Brasil \u00e9 superado pela Alemanha na final do Pr\u00e9-Ol\u00edmpico e est\u00e1 fora dos Jogos de T\u00f3quio"},"content":{"rendered":"<p>A Alemanha venceu o Brasil por 75 x 64, na tarde deste domingo (04.07), em Split, na Cro\u00e1cia, e garantiu a classifica\u00e7\u00e3o para os Jogos Ol\u00edmpicos de T\u00f3quio, no Jap\u00e3o.\u00a0Em um jogo marcado por defesas fortes e, do lado do Brasil, por uma grande dificuldade de efici\u00eancia no atque, os alem\u00e3es tiveram melhor leitura e comandaram o jogo do segundo quarto em diante. Com isso, ficaram com a \u00fanica vaga prevista no torneio para o megaevento da capital japonesa. O Brasil n\u00e3o ter\u00e1 representantes na modalidade nem no masculino nem no feminino.<\/p>\n<p>A sele\u00e7\u00e3o masculina encerrou a participa\u00e7\u00e3o no Pr\u00e9-Ol\u00edmpico de Split com tr\u00eas vit\u00f3rias, sobre Tun\u00edsia, Cro\u00e1cia e M\u00e9xico, e com o rev\u00e9s na decis\u00e3o para a Alemanha. Anderson Varej\u00e3o foi o cestinha do Brasil com 14 pontos e quatro rebotes. Alex, que deixou o jogo com cinco faltas, anotou dez pontos. Caboclo e Benite fizeram nove. Do lado da Alemanha, Wagner veio do banco e foi o grande nome do duelo, com 28 pontos e seis rebotes.<\/p>\n<p>O pr\u00f3ximo compromisso da Sele\u00e7\u00e3o Brasileira est\u00e1 inicialmente marcado para novembro, no come\u00e7o das eliminat\u00f3rias para a Copa do Mundo de 2023, na Indon\u00e9sia, Jap\u00e3o e Filipinas.<\/p>\n<p>Fonte: Confedera\u00e7\u00e3o Brasileira de Basquete<\/p>\n","protected":false},"excerpt":{"rendered":"<p>A Alemanha venceu o Brasil por 75 x 64, na tarde deste domingo (04.07), em Split, na Cro\u00e1cia, e garantiu a classifica\u00e7\u00e3o para os Jogos Ol\u00edmpicos de T\u00f3quio, no Jap\u00e3o.\u00a0Em um jogo marcado por defesas fortes e, do lado do Brasil, por uma grande dificuldade de efici\u00eancia no atque, os alem\u00e3es tiveram melhor leitura e [&hellip;]<\/p>\n","protected":false},"author":246,"featured_media":184864,"comment_status":"closed","ping_status":"closed","sticky":false,"template":"","format":"standard","meta":{"footnotes":""},"categories":[436,257,439],"tags":[],"class_list":["post-184863","post","type-post","status-publish","format-standard","has-post-thumbnail","hentry","category-destaque-da-semana","category-esporte","category-ultima-hora"],"_links":{"self":[{"href":"https:\/\/diarioregionaldigital.com.br\/index.php?rest_route=\/wp\/v2\/posts\/184863","targetHints":{"allow":["GET"]}}],"collection":[{"href":"https:\/\/diarioregionaldigital.com.br\/index.php?rest_route=\/wp\/v2\/posts"}],"about":[{"href":"https:\/\/diarioregionaldigital.com.br\/index.php?rest_route=\/wp\/v2\/types\/post"}],"author":[{"embeddable":true,"href":"https:\/\/diarioregionaldigital.com.br\/index.php?rest_route=\/wp\/v2\/users\/246"}],"replies":[{"embeddable":true,"href":"https:\/\/diarioregionaldigital.com.br\/index.php?rest_route=%2Fwp%2Fv2%2Fcomments&post=184863"}],"version-history":[{"count":1,"href":"https:\/\/diarioregionaldigital.com.br\/index.php?rest_route=\/wp\/v2\/posts\/184863\/revisions"}],"predecessor-version":[{"id":184865,"href":"https:\/\/diarioregionaldigital.com.br\/index.php?rest_route=\/wp\/v2\/posts\/184863\/revisions\/184865"}],"wp:featuredmedia":[{"embeddable":true,"href":"https:\/\/diarioregionaldigital.com.br\/index.php?rest_route=\/wp\/v2\/media\/184864"}],"wp:attachment":[{"href":"https:\/\/diarioregionaldigital.com.br\/index.php?rest_route=%2Fwp%2Fv2%2Fmedia&parent=184863"}],"wp:term":[{"taxonomy":"category","embeddable":true,"href":"https:\/\/diarioregionaldigital.com.br\/index.php?rest_route=%2Fwp%2Fv2%2Fcategories&post=184863"},{"taxonomy":"post_tag","embeddable":true,"href":"https:\/\/diarioregionaldigital.com.br\/index.php?rest_route=%2Fwp%2Fv2%2Ftags&post=184863"}],"curies":[{"name":"wp","href":"https:\/\/api.w.org\/{rel}","templated":true}]}}