{"id":184857,"date":"2021-07-05T20:07:16","date_gmt":"2021-07-05T23:07:16","guid":{"rendered":"https:\/\/diarioregionaldigital.com.br\/?p=184857"},"modified":"2021-07-05T20:07:16","modified_gmt":"2021-07-05T23:07:16","slug":"alison-dos-santos-quebra-pela-quarta-vez-no-ano-o-recorde-sul-americano","status":"publish","type":"post","link":"https:\/\/diarioregionaldigital.com.br\/?p=184857","title":{"rendered":"Alison dos Santos quebra pela quarta vez no ano o recorde sul-americano"},"content":{"rendered":"<p>Alison dos Santos venceu neste domingo (4.07) a prova dos 400m com barreiras da etapa de Estocolmo, na Su\u00e9cia, da Liga Diamante, o principal circuito de competi\u00e7\u00f5es da World Athletics, com 47s34. \u00c9 o quarto recorde sul-americano batido pelo brasileiro neste ano. N\u00e3o s\u00f3 no absoluto, mas tamb\u00e9m no Sub-23. O recorde anterior havia sido batido no dia 1 de julho, em Oslo, na Noruega, com 47s38.<\/p>\n<p>O turco de origem cubana Yasmani Copelo ficou em segundo lugar, com 48s19, seguido do jamaicano Kemar Nowatt, com 48s75. O brasileiro de 21 anos, convocado para os Jogos Ol\u00edmpicos de T\u00f3quio, \u00e9 um atleta em evolu\u00e7\u00e3o. Orientado pelo treinador Felipe de Siqueira da Silva, ele tem, neste momento, base de treinamento na Europa em Rio Maior, em Portugal.<\/p>\n<p>Alison \u00e9 integrante da categoria P\u00f3dio, a principal do Bolsa Atleta, programa de patroc\u00ednio individual do Governo Federal Brasileiro, executado pela Secretaria Especial do Esporte do Minist\u00e9rio da Cidadania.<\/p>\n<p>Nascido em S\u00e3o Joaquim da Barra, Alison superou pela primeira vez o recorde sul-americano este ano no dia 9 de maio, em Walnut, nos Estados Unidos, quando correu a prova em 47s68, quebrando um recorde de 26 anos.<\/p>\n<p>Ele encerra a participa\u00e7\u00e3o na prova preparat\u00f3ria para a Olimp\u00edada na sexta-feira (9.07), em M\u00f4naco, quando deve enfrentar os principais advers\u00e1rios em T\u00f3quio.<\/p>\n<p>Fonte: Confedera\u00e7\u00e3o Brasileira de Atletismo (CBAt)<\/p>\n","protected":false},"excerpt":{"rendered":"<p>Alison dos Santos venceu neste domingo (4.07) a prova dos 400m com barreiras da etapa de Estocolmo, na Su\u00e9cia, da Liga Diamante, o principal circuito de competi\u00e7\u00f5es da World Athletics, com 47s34. \u00c9 o quarto recorde sul-americano batido pelo brasileiro neste ano. N\u00e3o s\u00f3 no absoluto, mas tamb\u00e9m no Sub-23. O recorde anterior havia sido [&hellip;]<\/p>\n","protected":false},"author":246,"featured_media":184858,"comment_status":"closed","ping_status":"closed","sticky":false,"template":"","format":"standard","meta":{"footnotes":""},"categories":[436,257,439],"tags":[],"class_list":["post-184857","post","type-post","status-publish","format-standard","has-post-thumbnail","hentry","category-destaque-da-semana","category-esporte","category-ultima-hora"],"_links":{"self":[{"href":"https:\/\/diarioregionaldigital.com.br\/index.php?rest_route=\/wp\/v2\/posts\/184857","targetHints":{"allow":["GET"]}}],"collection":[{"href":"https:\/\/diarioregionaldigital.com.br\/index.php?rest_route=\/wp\/v2\/posts"}],"about":[{"href":"https:\/\/diarioregionaldigital.com.br\/index.php?rest_route=\/wp\/v2\/types\/post"}],"author":[{"embeddable":true,"href":"https:\/\/diarioregionaldigital.com.br\/index.php?rest_route=\/wp\/v2\/users\/246"}],"replies":[{"embeddable":true,"href":"https:\/\/diarioregionaldigital.com.br\/index.php?rest_route=%2Fwp%2Fv2%2Fcomments&post=184857"}],"version-history":[{"count":1,"href":"https:\/\/diarioregionaldigital.com.br\/index.php?rest_route=\/wp\/v2\/posts\/184857\/revisions"}],"predecessor-version":[{"id":184859,"href":"https:\/\/diarioregionaldigital.com.br\/index.php?rest_route=\/wp\/v2\/posts\/184857\/revisions\/184859"}],"wp:featuredmedia":[{"embeddable":true,"href":"https:\/\/diarioregionaldigital.com.br\/index.php?rest_route=\/wp\/v2\/media\/184858"}],"wp:attachment":[{"href":"https:\/\/diarioregionaldigital.com.br\/index.php?rest_route=%2Fwp%2Fv2%2Fmedia&parent=184857"}],"wp:term":[{"taxonomy":"category","embeddable":true,"href":"https:\/\/diarioregionaldigital.com.br\/index.php?rest_route=%2Fwp%2Fv2%2Fcategories&post=184857"},{"taxonomy":"post_tag","embeddable":true,"href":"https:\/\/diarioregionaldigital.com.br\/index.php?rest_route=%2Fwp%2Fv2%2Ftags&post=184857"}],"curies":[{"name":"wp","href":"https:\/\/api.w.org\/{rel}","templated":true}]}}