{"id":184832,"date":"2021-07-05T14:09:11","date_gmt":"2021-07-05T17:09:11","guid":{"rendered":"https:\/\/diarioregionaldigital.com.br\/?p=184832"},"modified":"2021-07-05T14:09:11","modified_gmt":"2021-07-05T17:09:11","slug":"policia-militar-prende-homem-com-motocicleta-furtada-cerco-na-regiao-central-da-cidade","status":"publish","type":"post","link":"https:\/\/diarioregionaldigital.com.br\/?p=184832","title":{"rendered":"Pol\u00edcia Militar prende homem com motocicleta furtada cerco na regi\u00e3o central da cidade"},"content":{"rendered":"<p>Na madrugada do dia 04jul21, por volta das 01h16min, a Pol\u00edcia Militar se deslocou at\u00e9 a Rua Paracatu para averigua\u00e7\u00e3o de uma den\u00fancia referente a uma motocicleta com sinaliza\u00e7\u00e3o de furto. No local, ao perceber a presen\u00e7a policial o condutor empreendeu fuga sentido \u00e0 Avenida Bar\u00e3o do Rio Branco, vindo a realizar uma convers\u00e3o proibida na Rua Floriano Peixoto, momento em que ao acessar a Rua Francisco Bernardino, devido a alta velocidade, chocou-se com uma viatura policial que auxiliava no cerco. Devido ao impacto o condutor da motocicleta foi projetado ao ch\u00e3o, tendo sido atendido pelo SAMU que constatou um corte contuso na testa. Em consulta ao sistema foi constatado que a motocicleta Yamaha Lander de cor preta, havia sido furtada em data pret\u00e9rita. O autor, um homem de 33 anos, foi preso em flagrante delito e conduzido \u00e0 Delegacia.<\/p>\n","protected":false},"excerpt":{"rendered":"<p>Na madrugada do dia 04jul21, por volta das 01h16min, a Pol\u00edcia Militar se deslocou at\u00e9 a Rua Paracatu para averigua\u00e7\u00e3o de uma den\u00fancia referente a uma motocicleta com sinaliza\u00e7\u00e3o de furto. No local, ao perceber a presen\u00e7a policial o condutor empreendeu fuga sentido \u00e0 Avenida Bar\u00e3o do Rio Branco, vindo a realizar uma convers\u00e3o proibida [&hellip;]<\/p>\n","protected":false},"author":246,"featured_media":184833,"comment_status":"closed","ping_status":"closed","sticky":false,"template":"","format":"standard","meta":{"footnotes":""},"categories":[301,1229],"tags":[],"class_list":["post-184832","post","type-post","status-publish","format-standard","has-post-thumbnail","hentry","category-artigos-policiais","category-policial"],"_links":{"self":[{"href":"https:\/\/diarioregionaldigital.com.br\/index.php?rest_route=\/wp\/v2\/posts\/184832","targetHints":{"allow":["GET"]}}],"collection":[{"href":"https:\/\/diarioregionaldigital.com.br\/index.php?rest_route=\/wp\/v2\/posts"}],"about":[{"href":"https:\/\/diarioregionaldigital.com.br\/index.php?rest_route=\/wp\/v2\/types\/post"}],"author":[{"embeddable":true,"href":"https:\/\/diarioregionaldigital.com.br\/index.php?rest_route=\/wp\/v2\/users\/246"}],"replies":[{"embeddable":true,"href":"https:\/\/diarioregionaldigital.com.br\/index.php?rest_route=%2Fwp%2Fv2%2Fcomments&post=184832"}],"version-history":[{"count":1,"href":"https:\/\/diarioregionaldigital.com.br\/index.php?rest_route=\/wp\/v2\/posts\/184832\/revisions"}],"predecessor-version":[{"id":184834,"href":"https:\/\/diarioregionaldigital.com.br\/index.php?rest_route=\/wp\/v2\/posts\/184832\/revisions\/184834"}],"wp:featuredmedia":[{"embeddable":true,"href":"https:\/\/diarioregionaldigital.com.br\/index.php?rest_route=\/wp\/v2\/media\/184833"}],"wp:attachment":[{"href":"https:\/\/diarioregionaldigital.com.br\/index.php?rest_route=%2Fwp%2Fv2%2Fmedia&parent=184832"}],"wp:term":[{"taxonomy":"category","embeddable":true,"href":"https:\/\/diarioregionaldigital.com.br\/index.php?rest_route=%2Fwp%2Fv2%2Fcategories&post=184832"},{"taxonomy":"post_tag","embeddable":true,"href":"https:\/\/diarioregionaldigital.com.br\/index.php?rest_route=%2Fwp%2Fv2%2Ftags&post=184832"}],"curies":[{"name":"wp","href":"https:\/\/api.w.org\/{rel}","templated":true}]}}