{"id":184830,"date":"2021-07-05T21:05:30","date_gmt":"2021-07-06T00:05:30","guid":{"rendered":"https:\/\/diarioregionaldigital.com.br\/?p=184830"},"modified":"2021-07-05T21:07:08","modified_gmt":"2021-07-06T00:07:08","slug":"morre-eduardo-gomes-colunista-do-diario-regional-aos-61-anos","status":"publish","type":"post","link":"https:\/\/diarioregionaldigital.com.br\/?p=184830","title":{"rendered":"Morre Eduardo Gomes, colunista do Di\u00e1rio Regional, aos 68 anos"},"content":{"rendered":"<p><span style=\"font-weight: 400;\">\u00a0A equipe do Di\u00e1rio Regional lamenta profundamente a perda do colunista Eduardo Gomes, um dos colunistas mais antigos do nosso jornal.\u00a0<\/span><\/p>\n<p><span style=\"font-weight: 400;\">&#8220;Estou muito sentida com a perda do nosso querido colunista Eduardo Gomes, principalmente por ter sido de forma t\u00e3o brusca. Mas com certeza ele deixou muita coisa boa, um legado muito importante para a nossa cidade. Ele nos deu muita alegria atrav\u00e9s do seu conv\u00edvio e das suas colunas sociais di\u00e1rias. Ele era uma pessoa muito alegre, cativante e respons\u00e1vel, tinha um compromisso muito grande com todos. Sempre preocupado em escrever de forma positiva e agrad\u00e1vel. \u00c9 uma perda irrepar\u00e1vel para toda a equipe do jornal Di\u00e1rio Regional e para toda a cidade de Juiz de Fora. Um grande abra\u00e7o para todos os familiares e para todos que acompanhavam a sua coluna social.&#8221; Jane Arag\u00e3o\u00a0 Diretor-executivo do Di\u00e1rio Regional\u00a0<\/span><\/p>\n<p><span style=\"font-weight: 400;\">Al\u00e9m de j\u00e1 ter trabalhado em outros ve\u00edculos importantes de comunica\u00e7\u00e3o de Juiz de Fora, como TVE e a TV Panorama, o colunista far\u00e1 uma grande falta nos meios de comunica\u00e7\u00e3o juizforanos.<\/span><\/p>\n<p><span style=\"font-weight: 400;\">&#8220;Todos n\u00f3s da equipe do Di\u00e1rio Regional vamos sentir muito a falta do nosso amigo Eduardo Gomes. Ele sempre tinha uma palavra de carinho, uma balinha, um bombom! Sempre foi muito carinhoso e atencioso com todos n\u00f3s. Era um profissional realizado, realmente amava o que fazia e por isso fazia t\u00e3o bem e com tanta compet\u00eancia. Com certeza toda a cidade de Juiz de Fora ir\u00e1 sentir a sua falta, ele era muito querido! Desejamos muita for\u00e7a a todos os familiares nesse momento t\u00e3o dif\u00edcil.&#8221; Fl\u00e1via Arag\u00e3o Diretora Financeira do Di\u00e1rio Regional\u00a0<\/span><\/p>\n<p><span style=\"font-weight: 400;\">Eduardo, que recebeu o t\u00edtulo honor\u00edfico de cidad\u00e3o benem\u00e9rito de Juiz de Fora em 2004, sofreu um infarto e foi encontrado morto dentro de um quarto do flat onde residia, no Centro de Juiz de Fora.<\/span><\/p>\n<p><span style=\"font-weight: 400;\">&#8220;Conheci o Eduardo em 2018 quando entrei como estagi\u00e1ria de design gr\u00e1fico no Di\u00e1rio Regional, sempre foi uma pessoa muito acolhedora e que chega com sua alegria, deixando as tardes ainda mais alegres, uma pessoa que n\u00e3o deixava se abalar e procurava sempre uma forma de mimar seus colegas de trabalho seja com um brinde ou uma comidinha. Antes de chegar na reda\u00e7\u00e3o j\u00e1 escutava sua voz cumprimentando a todos que encontrava pelo corredor. Um colunista que dava valor ao seu trabalho, gostava de revelar todas as fotos que ia para sua coluna mesmo digital. E depois presentear os amigos. Eduardo far\u00e1 muita falta para a coluna social do Di\u00e1rio Regional. Uma perda enorme para o jornalismo juizforano. Que este amigo descanse em paz. E que sempre lembraremos de suas gargalhadas e alegria.&#8221; Danielle Zamboni &#8211; Designer Gr\u00e1fico do grupo Sircom.<\/span><\/p>\n<p><span style=\"font-weight: 400;\">Figura mais do que popular em Juiz de Fora, Eduardo Gomes far\u00e1 muita falta em nossa reda\u00e7\u00e3o. Estimamos a perda de um dos mais talentosos colunistas que passaram pelo Di\u00e1rio Regional, que sempre distribuiu motiva\u00e7\u00e3o e bom \u00e2nimo a todos que desfrutaram de sua presen\u00e7a, sem d\u00favida alguma nos deixa perplexos e enlutados. Neste momento nos unimos em ora\u00e7\u00e3o \u00e0 sua fam\u00edlia e amigos para que esta perda possa ser compreendida com a esperan\u00e7a do conforto de Deus.<\/span><\/p>\n","protected":false},"excerpt":{"rendered":"<p>\u00a0A equipe do Di\u00e1rio Regional lamenta profundamente a perda do colunista Eduardo Gomes, um dos colunistas mais antigos do nosso jornal.\u00a0 &#8220;Estou muito sentida com a perda do nosso querido colunista Eduardo Gomes, principalmente por ter sido de forma t\u00e3o brusca. Mas com certeza ele deixou muita coisa boa, um legado muito importante para a [&hellip;]<\/p>\n","protected":false},"author":246,"featured_media":184836,"comment_status":"closed","ping_status":"closed","sticky":false,"template":"","format":"standard","meta":{"footnotes":""},"categories":[440,262,439],"tags":[],"class_list":["post-184830","post","type-post","status-publish","format-standard","has-post-thumbnail","hentry","category-destaques-do-dia","category-noticias","category-ultima-hora"],"_links":{"self":[{"href":"https:\/\/diarioregionaldigital.com.br\/index.php?rest_route=\/wp\/v2\/posts\/184830","targetHints":{"allow":["GET"]}}],"collection":[{"href":"https:\/\/diarioregionaldigital.com.br\/index.php?rest_route=\/wp\/v2\/posts"}],"about":[{"href":"https:\/\/diarioregionaldigital.com.br\/index.php?rest_route=\/wp\/v2\/types\/post"}],"author":[{"embeddable":true,"href":"https:\/\/diarioregionaldigital.com.br\/index.php?rest_route=\/wp\/v2\/users\/246"}],"replies":[{"embeddable":true,"href":"https:\/\/diarioregionaldigital.com.br\/index.php?rest_route=%2Fwp%2Fv2%2Fcomments&post=184830"}],"version-history":[{"count":3,"href":"https:\/\/diarioregionaldigital.com.br\/index.php?rest_route=\/wp\/v2\/posts\/184830\/revisions"}],"predecessor-version":[{"id":184882,"href":"https:\/\/diarioregionaldigital.com.br\/index.php?rest_route=\/wp\/v2\/posts\/184830\/revisions\/184882"}],"wp:featuredmedia":[{"embeddable":true,"href":"https:\/\/diarioregionaldigital.com.br\/index.php?rest_route=\/wp\/v2\/media\/184836"}],"wp:attachment":[{"href":"https:\/\/diarioregionaldigital.com.br\/index.php?rest_route=%2Fwp%2Fv2%2Fmedia&parent=184830"}],"wp:term":[{"taxonomy":"category","embeddable":true,"href":"https:\/\/diarioregionaldigital.com.br\/index.php?rest_route=%2Fwp%2Fv2%2Fcategories&post=184830"},{"taxonomy":"post_tag","embeddable":true,"href":"https:\/\/diarioregionaldigital.com.br\/index.php?rest_route=%2Fwp%2Fv2%2Ftags&post=184830"}],"curies":[{"name":"wp","href":"https:\/\/api.w.org\/{rel}","templated":true}]}}