{"id":184819,"date":"2021-07-04T06:00:15","date_gmt":"2021-07-04T09:00:15","guid":{"rendered":"https:\/\/diarioregionaldigital.com.br\/?p=184819"},"modified":"2021-07-03T01:34:09","modified_gmt":"2021-07-03T04:34:09","slug":"184819","status":"publish","type":"post","link":"https:\/\/diarioregionaldigital.com.br\/?p=184819","title":{"rendered":"Um Espet\u00e1culo"},"content":{"rendered":"<p style=\"text-align: center;\"><strong>Sonhos <\/strong><\/p>\n<p style=\"text-align: center;\">Aposta no coletivo esta impulsionando sonhos no digital virando realidade. A plataforma de financiamento colaborativo, que acabam de completar dez anos no pa\u00eds, conectam grandes ideias a potenciais apoiadores, dando forma a projetos que v\u00e3o de livro a cooperativa de energia solar em favela.<\/p>\n<p style=\"text-align: center;\"><strong>Um Espet\u00e1culo<\/strong><\/p>\n<p style=\"text-align: center;\">As redes sociais est\u00e3o pipocando com a mostra virtual \u201cFestivais da UFJF\u201d, que aborda os hist\u00f3ricos eventos realizados pela universidade na d\u00e9cada de 1960 e inicio dos anos 1970. No enredo, o cen\u00e1rio da moda, cultura, politica e m\u00fasica no per\u00edodo em que os eventos aconteceram.<\/p>\n<p style=\"text-align: center;\"><strong>Fazendo Bonito<\/strong><\/p>\n<p style=\"text-align: center;\">A Vale anuncia nos pr\u00f3ximos dias a doa\u00e7\u00e3o de 1 milh\u00e3o de cestas b\u00e1sicas que ser\u00e3o distribu\u00eddas por todo o Brasil. A a\u00e7\u00e3o vai alimentar at\u00e9 o fim do ano 876 mil pessoas de 219 mil fam\u00edlias em situa\u00e7\u00e3o de vulnerabilidade.<\/p>\n<p style=\"text-align: center;\"><strong>Top Chef<\/strong><\/p>\n<p style=\"text-align: center;\">O empres\u00e1rio, modelo e cozinheiro peruano Franco Noriega lan\u00e7ou fitness nas areias cariocas<\/p>\n<div id=\"attachment_184811\" style=\"width: 690px\" class=\"wp-caption aligncenter\"><img loading=\"lazy\" decoding=\"async\" aria-describedby=\"caption-attachment-184811\" class=\"wp-image-184811\" src=\"https:\/\/diarioregionaldigital.com.br\/wp-content\/uploads\/2021\/07\/fotoa-1-e1625285648870.jpeg\" alt=\"\" width=\"680\" height=\"471\" srcset=\"https:\/\/diarioregionaldigital.com.br\/wp-content\/uploads\/2021\/07\/fotoa-1-e1625285648870.jpeg 1145w, https:\/\/diarioregionaldigital.com.br\/wp-content\/uploads\/2021\/07\/fotoa-1-e1625285648870-300x208.jpeg 300w, https:\/\/diarioregionaldigital.com.br\/wp-content\/uploads\/2021\/07\/fotoa-1-e1625285648870-1024x709.jpeg 1024w, https:\/\/diarioregionaldigital.com.br\/wp-content\/uploads\/2021\/07\/fotoa-1-e1625285648870-768x532.jpeg 768w, https:\/\/diarioregionaldigital.com.br\/wp-content\/uploads\/2021\/07\/fotoa-1-e1625285648870-360x249.jpeg 360w, https:\/\/diarioregionaldigital.com.br\/wp-content\/uploads\/2021\/07\/fotoa-1-e1625285648870-100x70.jpeg 100w\" sizes=\"auto, (max-width: 680px) 100vw, 680px\" \/><p id=\"caption-attachment-184811\" class=\"wp-caption-text\">A bonita morena Rose Oliveira em Jericoatiara no Cear\u00e1<\/p><\/div>\n<div id=\"attachment_184812\" style=\"width: 690px\" class=\"wp-caption aligncenter\"><img loading=\"lazy\" decoding=\"async\" aria-describedby=\"caption-attachment-184812\" class=\"wp-image-184812\" src=\"https:\/\/diarioregionaldigital.com.br\/wp-content\/uploads\/2021\/07\/fotoa-e1625285673939.jpg\" alt=\"\" width=\"680\" height=\"564\" srcset=\"https:\/\/diarioregionaldigital.com.br\/wp-content\/uploads\/2021\/07\/fotoa-e1625285673939.jpg 510w, https:\/\/diarioregionaldigital.com.br\/wp-content\/uploads\/2021\/07\/fotoa-e1625285673939-300x249.jpg 300w, https:\/\/diarioregionaldigital.com.br\/wp-content\/uploads\/2021\/07\/fotoa-e1625285673939-360x299.jpg 360w\" sizes=\"auto, (max-width: 680px) 100vw, 680px\" \/><p id=\"caption-attachment-184812\" class=\"wp-caption-text\">A bel\u00edssima Carolina Halfeld Mocelin, brilha como modelo da Ag\u00eancia 40 graus, no Rio de Janeiro<\/p><\/div>\n<div id=\"attachment_184813\" style=\"width: 690px\" class=\"wp-caption aligncenter\"><img loading=\"lazy\" decoding=\"async\" aria-describedby=\"caption-attachment-184813\" class=\"wp-image-184813\" src=\"https:\/\/diarioregionaldigital.com.br\/wp-content\/uploads\/2021\/07\/fotob-1-e1625285700448.jpg\" alt=\"\" width=\"680\" height=\"499\" srcset=\"https:\/\/diarioregionaldigital.com.br\/wp-content\/uploads\/2021\/07\/fotob-1-e1625285700448.jpg 518w, https:\/\/diarioregionaldigital.com.br\/wp-content\/uploads\/2021\/07\/fotob-1-e1625285700448-300x220.jpg 300w, https:\/\/diarioregionaldigital.com.br\/wp-content\/uploads\/2021\/07\/fotob-1-e1625285700448-360x264.jpg 360w\" sizes=\"auto, (max-width: 680px) 100vw, 680px\" \/><p id=\"caption-attachment-184813\" class=\"wp-caption-text\">O ar de felicidade de Let\u00edcia Ribeiro, neste domingo maior<\/p><\/div>\n<div id=\"attachment_184814\" style=\"width: 690px\" class=\"wp-caption aligncenter\"><img loading=\"lazy\" decoding=\"async\" aria-describedby=\"caption-attachment-184814\" class=\"wp-image-184814\" src=\"https:\/\/diarioregionaldigital.com.br\/wp-content\/uploads\/2021\/07\/fotoc-e1625285743430.jpg\" alt=\"\" width=\"680\" height=\"484\" srcset=\"https:\/\/diarioregionaldigital.com.br\/wp-content\/uploads\/2021\/07\/fotoc-e1625285743430.jpg 507w, https:\/\/diarioregionaldigital.com.br\/wp-content\/uploads\/2021\/07\/fotoc-e1625285743430-300x214.jpg 300w, https:\/\/diarioregionaldigital.com.br\/wp-content\/uploads\/2021\/07\/fotoc-e1625285743430-360x256.jpg 360w, https:\/\/diarioregionaldigital.com.br\/wp-content\/uploads\/2021\/07\/fotoc-e1625285743430-100x70.jpg 100w\" sizes=\"auto, (max-width: 680px) 100vw, 680px\" \/><p id=\"caption-attachment-184814\" class=\"wp-caption-text\">Com esperan\u00e7a de dias melhores, o cabelereiro de astros e estrelas, Rosenberg Frizeiro<\/p><\/div>\n<div id=\"attachment_184816\" style=\"width: 690px\" class=\"wp-caption aligncenter\"><img loading=\"lazy\" decoding=\"async\" aria-describedby=\"caption-attachment-184816\" class=\"wp-image-184816\" src=\"https:\/\/diarioregionaldigital.com.br\/wp-content\/uploads\/2021\/07\/fotoe-1-e1625285796310.jpg\" alt=\"\" width=\"680\" height=\"469\" srcset=\"https:\/\/diarioregionaldigital.com.br\/wp-content\/uploads\/2021\/07\/fotoe-1-e1625285796310.jpg 512w, https:\/\/diarioregionaldigital.com.br\/wp-content\/uploads\/2021\/07\/fotoe-1-e1625285796310-300x207.jpg 300w, https:\/\/diarioregionaldigital.com.br\/wp-content\/uploads\/2021\/07\/fotoe-1-e1625285796310-360x248.jpg 360w, https:\/\/diarioregionaldigital.com.br\/wp-content\/uploads\/2021\/07\/fotoe-1-e1625285796310-100x70.jpg 100w\" sizes=\"auto, (max-width: 680px) 100vw, 680px\" \/><p id=\"caption-attachment-184816\" class=\"wp-caption-text\">Em realce, o lindo casal Rafael Fraga e Mariana Guerra<\/p><\/div>\n<div id=\"attachment_184817\" style=\"width: 690px\" class=\"wp-caption aligncenter\"><img loading=\"lazy\" decoding=\"async\" aria-describedby=\"caption-attachment-184817\" class=\"wp-image-184817\" src=\"https:\/\/diarioregionaldigital.com.br\/wp-content\/uploads\/2021\/07\/fotof-1-e1625285830991.jpg\" alt=\"\" width=\"680\" height=\"500\" srcset=\"https:\/\/diarioregionaldigital.com.br\/wp-content\/uploads\/2021\/07\/fotof-1-e1625285830991.jpg 505w, https:\/\/diarioregionaldigital.com.br\/wp-content\/uploads\/2021\/07\/fotof-1-e1625285830991-300x220.jpg 300w, https:\/\/diarioregionaldigital.com.br\/wp-content\/uploads\/2021\/07\/fotof-1-e1625285830991-360x264.jpg 360w\" sizes=\"auto, (max-width: 680px) 100vw, 680px\" \/><p id=\"caption-attachment-184817\" class=\"wp-caption-text\">Colhendo energia positivas: M\u00e1rcia Esteves e Silvana Paiva Pinto<\/p><\/div>\n<div id=\"attachment_184818\" style=\"width: 690px\" class=\"wp-caption aligncenter\"><img loading=\"lazy\" decoding=\"async\" aria-describedby=\"caption-attachment-184818\" class=\"wp-image-184818\" src=\"https:\/\/diarioregionaldigital.com.br\/wp-content\/uploads\/2021\/07\/fotog-1-e1625286062777.jpg\" alt=\"\" width=\"680\" height=\"471\" srcset=\"https:\/\/diarioregionaldigital.com.br\/wp-content\/uploads\/2021\/07\/fotog-1-e1625286062777.jpg 685w, https:\/\/diarioregionaldigital.com.br\/wp-content\/uploads\/2021\/07\/fotog-1-e1625286062777-300x208.jpg 300w, https:\/\/diarioregionaldigital.com.br\/wp-content\/uploads\/2021\/07\/fotog-1-e1625286062777-360x249.jpg 360w, https:\/\/diarioregionaldigital.com.br\/wp-content\/uploads\/2021\/07\/fotog-1-e1625286062777-100x70.jpg 100w\" sizes=\"auto, (max-width: 680px) 100vw, 680px\" \/><p id=\"caption-attachment-184818\" class=\"wp-caption-text\">A bonita Adelaide Rodrigues, com esperan\u00e7a de dias melhores<\/p><\/div>\n<div id=\"attachment_184815\" style=\"width: 690px\" class=\"wp-caption aligncenter\"><img loading=\"lazy\" decoding=\"async\" aria-describedby=\"caption-attachment-184815\" class=\"wp-image-184815\" src=\"https:\/\/diarioregionaldigital.com.br\/wp-content\/uploads\/2021\/07\/fotod-1-e1625285764989.jpg\" alt=\"\" width=\"680\" height=\"486\" srcset=\"https:\/\/diarioregionaldigital.com.br\/wp-content\/uploads\/2021\/07\/fotod-1-e1625285764989.jpg 597w, https:\/\/diarioregionaldigital.com.br\/wp-content\/uploads\/2021\/07\/fotod-1-e1625285764989-300x215.jpg 300w, https:\/\/diarioregionaldigital.com.br\/wp-content\/uploads\/2021\/07\/fotod-1-e1625285764989-360x257.jpg 360w, https:\/\/diarioregionaldigital.com.br\/wp-content\/uploads\/2021\/07\/fotod-1-e1625285764989-100x70.jpg 100w\" sizes=\"auto, (max-width: 680px) 100vw, 680px\" \/><p id=\"caption-attachment-184815\" class=\"wp-caption-text\">Amigos para sempre: Beto Nardelli, Paul Almeida, Patr\u00edcia Touma, Ana Paula Ribeiro, Fernanda Brasileiro e Ana L\u00facia Signorelli<\/p><\/div>\n<p style=\"text-align: center;\"><strong>FOTOSS\u00cdNTESE<\/strong><\/p>\n<p>A pandemia trouxe efeitos negativos na implementa\u00e7\u00e3o e sustenta\u00e7\u00e3o dos programas de compliance das empresas, aponta o novo estudo da ICTS Protiviti.<\/p>\n<p>O Grupo Conservador do Brasil fez protesto em Copacabana (RJ), pela \u201cContagem dos votos sem fraude\u201d na elei\u00e7\u00e3o do ano que vem.<\/p>\n<p>Para comemorar os 25 anos, a Uniodonto lan\u00e7ou uma gincana virtual pelas redes sociais. No enredo: lives, arrecada\u00e7\u00e3o de alimentos, fraldes eletr\u00f4nicos doa\u00e7\u00e3o de sangue e quiz de perguntas. Os donativos ser\u00e3o entregues para institui\u00e7\u00f5es da cidade.<\/p>\n<p>A colunista de moda Ana Paula Calixto super feliz comemorou 26 anos de casada com Betinho Calixto.<\/p>\n<p>Foi um sucesso no YouTube a apresenta\u00e7\u00e3o da pe\u00e7a \u201cA heran\u00e7a\u201d, encenada pelo Teatro de C\u00e2mara de Guarani.<\/p>\n<p>O MP instaurou inqu\u00e9rito civil para investigar eventual descumprimento de cl\u00e1usula da escritura de doa\u00e7\u00e3o na condu\u00e7\u00e3o da sucess\u00e3o da escritura do parque e do Museu Mariano Proc\u00f3pio ao Munic\u00edpio de Juiz de Fora.<\/p>\n<p>Em boa hora, os servidores do Demlurb que coleta res\u00edduos, foram vacinados.<\/p>\n<p>O talentoso Dudu Lima revista a pr\u00f3pria obra em \u201cConserto para contra baixo\u201d e fez show maravilhoso on-line.<\/p>\n<p>Correio elegante: \u201cFlor que brota no cimento e que, insolente e bela, nos salva, nem que seja por um minuto, aquele respeitoso minuto de sil\u00eancio\u201d. (Martha Medeiros). Bom dia.<\/p>\n<p><img loading=\"lazy\" decoding=\"async\" class=\"aligncenter size-full wp-image-184820\" src=\"https:\/\/diarioregionaldigital.com.br\/wp-content\/uploads\/2021\/07\/anuncio66-scaled.jpg\" alt=\"\" width=\"2560\" height=\"987\" srcset=\"https:\/\/diarioregionaldigital.com.br\/wp-content\/uploads\/2021\/07\/anuncio66-scaled.jpg 2560w, https:\/\/diarioregionaldigital.com.br\/wp-content\/uploads\/2021\/07\/anuncio66-300x116.jpg 300w, https:\/\/diarioregionaldigital.com.br\/wp-content\/uploads\/2021\/07\/anuncio66-1024x395.jpg 1024w, https:\/\/diarioregionaldigital.com.br\/wp-content\/uploads\/2021\/07\/anuncio66-768x296.jpg 768w, https:\/\/diarioregionaldigital.com.br\/wp-content\/uploads\/2021\/07\/anuncio66-1536x592.jpg 1536w, https:\/\/diarioregionaldigital.com.br\/wp-content\/uploads\/2021\/07\/anuncio66-2048x790.jpg 2048w, https:\/\/diarioregionaldigital.com.br\/wp-content\/uploads\/2021\/07\/anuncio66-360x139.jpg 360w\" sizes=\"auto, (max-width: 2560px) 100vw, 2560px\" \/><\/p>\n","protected":false},"excerpt":{"rendered":"<p>Sonhos Aposta no coletivo esta impulsionando sonhos no digital virando realidade. A plataforma de financiamento colaborativo, que acabam de completar dez anos no pa\u00eds, conectam grandes ideias a potenciais apoiadores, dando forma a projetos que v\u00e3o de livro a cooperativa de energia solar em favela. Um Espet\u00e1culo As redes sociais est\u00e3o pipocando com a mostra [&hellip;]<\/p>\n","protected":false},"author":253,"featured_media":184811,"comment_status":"closed","ping_status":"closed","sticky":false,"template":"","format":"standard","meta":{"footnotes":""},"categories":[264],"tags":[],"class_list":["post-184819","post","type-post","status-publish","format-standard","has-post-thumbnail","hentry","category-eduardo-gomes"],"_links":{"self":[{"href":"https:\/\/diarioregionaldigital.com.br\/index.php?rest_route=\/wp\/v2\/posts\/184819","targetHints":{"allow":["GET"]}}],"collection":[{"href":"https:\/\/diarioregionaldigital.com.br\/index.php?rest_route=\/wp\/v2\/posts"}],"about":[{"href":"https:\/\/diarioregionaldigital.com.br\/index.php?rest_route=\/wp\/v2\/types\/post"}],"author":[{"embeddable":true,"href":"https:\/\/diarioregionaldigital.com.br\/index.php?rest_route=\/wp\/v2\/users\/253"}],"replies":[{"embeddable":true,"href":"https:\/\/diarioregionaldigital.com.br\/index.php?rest_route=%2Fwp%2Fv2%2Fcomments&post=184819"}],"version-history":[{"count":2,"href":"https:\/\/diarioregionaldigital.com.br\/index.php?rest_route=\/wp\/v2\/posts\/184819\/revisions"}],"predecessor-version":[{"id":184822,"href":"https:\/\/diarioregionaldigital.com.br\/index.php?rest_route=\/wp\/v2\/posts\/184819\/revisions\/184822"}],"wp:featuredmedia":[{"embeddable":true,"href":"https:\/\/diarioregionaldigital.com.br\/index.php?rest_route=\/wp\/v2\/media\/184811"}],"wp:attachment":[{"href":"https:\/\/diarioregionaldigital.com.br\/index.php?rest_route=%2Fwp%2Fv2%2Fmedia&parent=184819"}],"wp:term":[{"taxonomy":"category","embeddable":true,"href":"https:\/\/diarioregionaldigital.com.br\/index.php?rest_route=%2Fwp%2Fv2%2Fcategories&post=184819"},{"taxonomy":"post_tag","embeddable":true,"href":"https:\/\/diarioregionaldigital.com.br\/index.php?rest_route=%2Fwp%2Fv2%2Ftags&post=184819"}],"curies":[{"name":"wp","href":"https:\/\/api.w.org\/{rel}","templated":true}]}}