{"id":184806,"date":"2021-07-02T19:35:51","date_gmt":"2021-07-02T22:35:51","guid":{"rendered":"https:\/\/diarioregionaldigital.com.br\/?p=184806"},"modified":"2021-07-05T14:24:08","modified_gmt":"2021-07-05T17:24:08","slug":"prefeitura-disponibiliza-50-leitos-em-abrigo-emergencial-para-populacao-vulneravel","status":"publish","type":"post","link":"https:\/\/diarioregionaldigital.com.br\/?p=184806","title":{"rendered":"Prefeitura disponibiliza 50 leitos em abrigo emergencial para popula\u00e7\u00e3o vulner\u00e1vel"},"content":{"rendered":"<p>O alojamento emergencial criado pela Prefeitura de Juiz de Fora (PJF), com o objetivo de abrigar pessoas em situa\u00e7\u00e3o de rua durante as noites frias, reduzindo os impactos das baixas temperaturas sobre esta popula\u00e7\u00e3o, contar\u00e1 a partir desta sexta-feira, 2, com 50 vagas imediatas. Segundo informa\u00e7\u00f5es do site da Prefeitura de Juiz de Fora, o quantitativo disponibilizado representa a capacidade total do espa\u00e7o f\u00edsico instalado no pr\u00e9dio da Empresa Regional de Habita\u00e7\u00e3o de Juiz de Fora (Emcasa), localizado na Avenida Sete de Setembro, 975. As vagas s\u00e3o preenchidas por ordem de chegada, com entrada a partir de 17h, pela Avenida Brasil, e o hor\u00e1rio de sa\u00edda \u00e9 at\u00e9 \u00e0s 9h. A iniciativa possui uma din\u00e2mica diferente dos albergues existentes na cidade e tem como proposta oferecer conforto, alimenta\u00e7\u00e3o, dignidade, seguran\u00e7a e respeito aos acolhidos.<\/p>\n<p>O local, inaugurado na \u00faltima quarta-feira, 30, conta com tr\u00eas andares, onde foram montados os dormit\u00f3rios para acomoda\u00e7\u00e3o desta popula\u00e7\u00e3o, inclusive, com a possibilidade de abrigar casais. Al\u00e9m disso, a casa possui banheiros masculino e feminino, com direito a banho; refeit\u00f3rio, onde s\u00e3o servidos caf\u00e9 da manh\u00e3, das 7h30 \u00e0s 8h20, e refei\u00e7\u00e3o noturna, a partir das 18h; uma rouparia improvisada com vestimentas, agasalhos e cobertores, arrecadados para serem doados aos acolhidos; uma \u00e1rea comum onde uma foi montada uma pequena biblioteca com publica\u00e7\u00f5es enviadas pela Funda\u00e7\u00e3o Cultural Alfredo Ferreira Lage (Funalfa); um espa\u00e7o externo para acolhimento dos animais de estima\u00e7\u00e3o dos abrigados; e uma \u00e1rea para guardar os carrinhos, carro\u00e7as e objetos de trabalho utilizados por alguns dos alojados no seu dia a dia. A alimenta\u00e7\u00e3o est\u00e1 sendo servida com aux\u00edlio de institui\u00e7\u00f5es parceiras, como \u00e9 o caso dos Vicentinos e da entidade Elos do Bem.<\/p>\n<p>Em seu primeiro dia de funcionamento, o espa\u00e7o abrigou 26 pessoas em situa\u00e7\u00e3o de rua, n\u00famero este que subiu para 29 na noite da \u00faltima quinta-feira, 1\u00ba.<\/p>\n<p><b>Plano de Conting\u00eancia<\/b><\/p>\n<p>A iniciativa faz parte do Plano de Conting\u00eancia para Situa\u00e7\u00f5es de Baixas Temperaturas, estabelecido pela\u00a0<a id=\"85371\u201d\" href=\"https:\/\/www.pjf.mg.gov.br\/e_atos\/e_atos_vis.php?id=85400%94%3E%20Portaria%20N.%BA%2011.685%3C\/a%3E,%20publicada%20na%20%FAltima%20quinta-feira,%201%BA%20de%20julho,%20e%20desenvolvido%20pelo%20Comit%EA%20Permanente%20de%20Gest%E3o%20de%20Situa%E7%F5es%20de%20Baixas%20Temperaturas,%20criado%20pelo%20%3Ca%20href=\">Decreto N.\u00ba 14.628<\/a>. O Plano permitir\u00e1 o acionamento da rede de prote\u00e7\u00e3o para a realiza\u00e7\u00e3o de medidas estrat\u00e9gicas, toda vez que a cidade atingir 13 graus, com o objetivo de minimizar os impactos das baixas temperaturas sobre a popula\u00e7\u00e3o em situa\u00e7\u00e3o de rua no munic\u00edpio.<\/p>\n","protected":false},"excerpt":{"rendered":"<p>O alojamento emergencial criado pela Prefeitura de Juiz de Fora (PJF), com o objetivo de abrigar pessoas em situa\u00e7\u00e3o de rua durante as noites frias, reduzindo os impactos das baixas temperaturas sobre esta popula\u00e7\u00e3o, contar\u00e1 a partir desta sexta-feira, 2, com 50 vagas imediatas. Segundo informa\u00e7\u00f5es do site da Prefeitura de Juiz de Fora, o [&hellip;]<\/p>\n","protected":false},"author":246,"featured_media":184841,"comment_status":"closed","ping_status":"closed","sticky":false,"template":"","format":"standard","meta":{"footnotes":""},"categories":[253,436,439],"tags":[],"class_list":["post-184806","post","type-post","status-publish","format-standard","has-post-thumbnail","hentry","category-cidade","category-destaque-da-semana","category-ultima-hora"],"_links":{"self":[{"href":"https:\/\/diarioregionaldigital.com.br\/index.php?rest_route=\/wp\/v2\/posts\/184806","targetHints":{"allow":["GET"]}}],"collection":[{"href":"https:\/\/diarioregionaldigital.com.br\/index.php?rest_route=\/wp\/v2\/posts"}],"about":[{"href":"https:\/\/diarioregionaldigital.com.br\/index.php?rest_route=\/wp\/v2\/types\/post"}],"author":[{"embeddable":true,"href":"https:\/\/diarioregionaldigital.com.br\/index.php?rest_route=\/wp\/v2\/users\/246"}],"replies":[{"embeddable":true,"href":"https:\/\/diarioregionaldigital.com.br\/index.php?rest_route=%2Fwp%2Fv2%2Fcomments&post=184806"}],"version-history":[{"count":1,"href":"https:\/\/diarioregionaldigital.com.br\/index.php?rest_route=\/wp\/v2\/posts\/184806\/revisions"}],"predecessor-version":[{"id":184808,"href":"https:\/\/diarioregionaldigital.com.br\/index.php?rest_route=\/wp\/v2\/posts\/184806\/revisions\/184808"}],"wp:featuredmedia":[{"embeddable":true,"href":"https:\/\/diarioregionaldigital.com.br\/index.php?rest_route=\/wp\/v2\/media\/184841"}],"wp:attachment":[{"href":"https:\/\/diarioregionaldigital.com.br\/index.php?rest_route=%2Fwp%2Fv2%2Fmedia&parent=184806"}],"wp:term":[{"taxonomy":"category","embeddable":true,"href":"https:\/\/diarioregionaldigital.com.br\/index.php?rest_route=%2Fwp%2Fv2%2Fcategories&post=184806"},{"taxonomy":"post_tag","embeddable":true,"href":"https:\/\/diarioregionaldigital.com.br\/index.php?rest_route=%2Fwp%2Fv2%2Ftags&post=184806"}],"curies":[{"name":"wp","href":"https:\/\/api.w.org\/{rel}","templated":true}]}}