{"id":184803,"date":"2021-07-02T19:29:47","date_gmt":"2021-07-02T22:29:47","guid":{"rendered":"https:\/\/diarioregionaldigital.com.br\/?p=184803"},"modified":"2021-07-02T19:29:47","modified_gmt":"2021-07-02T22:29:47","slug":"operacao-presenca-e-realizada-pela-pjf-nas-ruas-do-centro","status":"publish","type":"post","link":"https:\/\/diarioregionaldigital.com.br\/?p=184803","title":{"rendered":"Opera\u00e7\u00e3o \u201cPresen\u00e7a\u201d \u00e9 realizada pela PJF nas ruas do centro"},"content":{"rendered":"<p>Nesta sexta-feira, 2, a equipe da Fiscaliza\u00e7\u00e3o realizou uma a\u00e7\u00e3o de presen\u00e7a nas principais vias do centro da cidade, para coibir o com\u00e9rcio ambulante irregular. Segundo informa\u00e7\u00f5es do site da Prefeitura de Juis de Fora, desde as primeiras horas do dia, os fiscais juntamente com a Guarda Municipal e agentes do Procon se fizeram presentes nas ruas impedindo que ambulantes irregulares ocupassem o espa\u00e7o para montar suas barracas.<\/p>\n<p><b>Reorganiza\u00e7\u00e3o do Com\u00e9rcio ambulante<\/b><\/p>\n<p>Termina na pr\u00f3xima quarta-feira, dia 7, o prazo para todos os ambulantes da cidade e profissionais da feira da Pechincha se cadastrarem junto \u00e0 PJF. O cadastramento est\u00e1 sendo realizado pela Secretaria de Sustentabilidade em Meio Ambiente e Atividades Urbanas (Sesmaur), desde o dia 28 de maio, e contempla todos os ambulantes e feirantes que tenham licen\u00e7a permanente ou provis\u00f3ria e tamb\u00e9m os profissionais que realizam suas atividades sem qualquer licenciamento na Prefeitura. At\u00e9 o momento, 528 ambulantes e 384 feirantes j\u00e1 se cadastraram. A ades\u00e3o de toda a classe neste processo de reorganiza\u00e7\u00e3o \u00e9 de extrema import\u00e2ncia para o munic\u00edpio, pois os dados obtidos atrav\u00e9s da pesquisa, possibilitar\u00e1 ao Executivo Municipal criar estrat\u00e9gias de organiza\u00e7\u00e3o de todo o com\u00e9rcio ambulante na cidade.<\/p>\n<p>\u201cO cadastramento \u00e9 essencial para entender qual \u00e9 a real necessidade de quem est\u00e1 trabalhando nas ruas. E para aqueles que h\u00e1 v\u00e1rios anos trabalham nas vias p\u00fablicas, na ilegalidade, abre a possibilidade de conseguirem seu espa\u00e7o\u201c, destaca Cl\u00e1udio Souza de Menezes, presidente da Associa\u00e7\u00e3o de apoio aos Camel\u00f4s, ambulantes e artes\u00e3os de Juiz de Fora.<\/p>\n<p><b>Como se cadastrar<\/b><\/p>\n<p>A PJF organizou toda a estrutura para o atendimento, com a inten\u00e7\u00e3o de facilitar a vida do empreendedor e evitar gastos com a contrata\u00e7\u00e3o de servi\u00e7os de terceiros. As informa\u00e7\u00f5es est\u00e3o sendo coletadas de forma muito simples, sem burocracia. Os interessados, podem responder as perguntas pela internet, atrav\u00e9s do site da Prefeitura de Juiz de Fora (PJF) ou pessoalmente, no primeiro andar da Sesmaur, com integral suporte para esclarecimento de d\u00favidas e orienta\u00e7\u00f5es para o preenchimento.<\/p>\n<p><b>Endere\u00e7o<\/b><\/p>\n<p>Pessoalmente: Avenida Bar\u00e3o do Rio Branco, 1.843, no Centro, no pr\u00e9dio da Cesama. Hor\u00e1rio de atendimento: segunda a sexta-feira, das 9h \u00e0s 12h e das 14h \u00e0s 17h.<\/p>\n<p><a href=\"https:\/\/www.pjf.mg.gov.br\/secretarias\/sesmaur\/comercio-ambulante\/\"><b>Acesse o link<\/b><\/a><\/p>\n","protected":false},"excerpt":{"rendered":"<p>Nesta sexta-feira, 2, a equipe da Fiscaliza\u00e7\u00e3o realizou uma a\u00e7\u00e3o de presen\u00e7a nas principais vias do centro da cidade, para coibir o com\u00e9rcio ambulante irregular. Segundo informa\u00e7\u00f5es do site da Prefeitura de Juis de Fora, desde as primeiras horas do dia, os fiscais juntamente com a Guarda Municipal e agentes do Procon se fizeram presentes [&hellip;]<\/p>\n","protected":false},"author":246,"featured_media":184804,"comment_status":"closed","ping_status":"closed","sticky":false,"template":"","format":"standard","meta":{"footnotes":""},"categories":[253,436,439],"tags":[],"class_list":["post-184803","post","type-post","status-publish","format-standard","has-post-thumbnail","hentry","category-cidade","category-destaque-da-semana","category-ultima-hora"],"_links":{"self":[{"href":"https:\/\/diarioregionaldigital.com.br\/index.php?rest_route=\/wp\/v2\/posts\/184803","targetHints":{"allow":["GET"]}}],"collection":[{"href":"https:\/\/diarioregionaldigital.com.br\/index.php?rest_route=\/wp\/v2\/posts"}],"about":[{"href":"https:\/\/diarioregionaldigital.com.br\/index.php?rest_route=\/wp\/v2\/types\/post"}],"author":[{"embeddable":true,"href":"https:\/\/diarioregionaldigital.com.br\/index.php?rest_route=\/wp\/v2\/users\/246"}],"replies":[{"embeddable":true,"href":"https:\/\/diarioregionaldigital.com.br\/index.php?rest_route=%2Fwp%2Fv2%2Fcomments&post=184803"}],"version-history":[{"count":1,"href":"https:\/\/diarioregionaldigital.com.br\/index.php?rest_route=\/wp\/v2\/posts\/184803\/revisions"}],"predecessor-version":[{"id":184805,"href":"https:\/\/diarioregionaldigital.com.br\/index.php?rest_route=\/wp\/v2\/posts\/184803\/revisions\/184805"}],"wp:featuredmedia":[{"embeddable":true,"href":"https:\/\/diarioregionaldigital.com.br\/index.php?rest_route=\/wp\/v2\/media\/184804"}],"wp:attachment":[{"href":"https:\/\/diarioregionaldigital.com.br\/index.php?rest_route=%2Fwp%2Fv2%2Fmedia&parent=184803"}],"wp:term":[{"taxonomy":"category","embeddable":true,"href":"https:\/\/diarioregionaldigital.com.br\/index.php?rest_route=%2Fwp%2Fv2%2Fcategories&post=184803"},{"taxonomy":"post_tag","embeddable":true,"href":"https:\/\/diarioregionaldigital.com.br\/index.php?rest_route=%2Fwp%2Fv2%2Ftags&post=184803"}],"curies":[{"name":"wp","href":"https:\/\/api.w.org\/{rel}","templated":true}]}}