{"id":184800,"date":"2021-07-02T19:17:40","date_gmt":"2021-07-02T22:17:40","guid":{"rendered":"https:\/\/diarioregionaldigital.com.br\/?p=184800"},"modified":"2021-07-02T19:17:40","modified_gmt":"2021-07-02T22:17:40","slug":"pjf-divulga-calendario-de-vacinacao-que-contempla-pessoas-de-46-a-30-anos-neste-mes-de-julho","status":"publish","type":"post","link":"https:\/\/diarioregionaldigital.com.br\/?p=184800","title":{"rendered":"PJF divulga calend\u00e1rio de vacina\u00e7\u00e3o que contempla pessoas de 46 a 30 anos neste m\u00eas de julho"},"content":{"rendered":"<div id=\"box_texto_noticia\">A vacina\u00e7\u00e3o contra a Covid-19 segue avan\u00e7ando em Juiz de Fora. Segundo informa\u00e7\u00f5es do site da Prefeitura de Juiz de Fora, at\u00e9 o fim deste m\u00eas de julho todas as pessoas que residem na cidade e que tenham at\u00e9 30 anos ou mais v\u00e3o poder receber a vacina contra o coronav\u00edrus. O novo calend\u00e1rio da campanha de imuniza\u00e7\u00e3o realizada pela Secretaria de Sa\u00fade (SS) da Prefeitura de Juiz de Fora (PJF) j\u00e1 tem definida a vacina\u00e7\u00e3o por faixas et\u00e1rias das pessoas de 46 anos ou mais, que s\u00e3o vacinadas neste s\u00e1bado, 3, at\u00e9 daquelas de 30 anos, que recebem a primeira dose no dia 29 deste m\u00eas.<\/p>\n<p>Todas as pessoas que tenham idade superior \u00e0 do calend\u00e1rio do dia e que n\u00e3o tenham recebido a dose anteriormente podem procurar pelo imunizante nos diversos pontos de vacina\u00e7\u00e3o espalhados pela cidade. O detalhamento dos hor\u00e1rios e locais de vacina\u00e7\u00e3o por faixa et\u00e1ria ser\u00e3o divulgados semanalmente. A aplica\u00e7\u00e3o de segundas doses seguir\u00e3o acontecendo normalmente, assim como ter\u00e1 sequ\u00eancia a vacina\u00e7\u00e3o destinadas \u00e0s gr\u00e1vidas, pu\u00e9rperas (mulheres em at\u00e9 45 dias de p\u00f3s parto) e lactantes (mulheres que amamentam) com at\u00e9 6 meses de p\u00f3s-parto.<\/p>\n<p><b>Confira o calend\u00e1rio de vacina\u00e7\u00e3o por faixa et\u00e1ria:<\/b><\/p>\n<p>S\u00e1bado, 3 de julho: pessoas com 46 anos ou mais<br \/>\nSegunda-feira, 5 de julho: pessoas com 45 anos ou mais<br \/>\nTer\u00e7a-feira, 6 de julho: pessoas com 44 anos ou mais<br \/>\nquarta-feira, 7 de julho: pessoas com 43 anos ou mais<br \/>\nquinta-feira, 8 de julho: pessoas com 42 anos ou mais<br \/>\nsexta-feira, 9 de julho: pessoas com 41 anos ou mais<br \/>\nS\u00e1bado, 10 de julho: pessoas com 40 anos ou mais<\/p>\n<p><b>Novo calend\u00e1rio divulgado nesta sexta-feira, que se inicia no dia 12 de julho:<\/b><\/p>\n<p>segunda-feira, 12 de julho: pessoas com 39 anos nascidas de janeiro a junho<br \/>\nter\u00e7a-feira, 13 de julho: pessoas com 39 nascidas de julho a dezembro<br \/>\nquarta-feira, 14 de julho: pessoas com 38 anos nascidas de janeiro a junho<br \/>\nquinta-feira, 15 de julho: pessoas com 38 nascidas de julho a dezembro<br \/>\nsexta-feira, 16 de julho: pessoas com 37 anos nascidas de janeiro a junho<br \/>\ns\u00e1bado, 17 de julho: pessoas com 37 nascidas de julho a dezembro<\/p>\n<p>segunda-feira, 19 de julho: pessoas com 36 anos nascidas de janeiro a junho<br \/>\nter\u00e7a-feira, 20 de julho: pessoas com 36 nascidas de julho a dezembro<br \/>\nquarta-feira, 21 de julho: pessoas com 35 anos nascidas de janeiro a junho<br \/>\nquinta-feira, 22 de julho: pessoas com 35 nascidas de julho a dezembro<br \/>\nsexta-feira, 23 de julho: pessoas com 34 anos nascidas de janeiro a junho<br \/>\ns\u00e1bado, 24 de julho: pessoas com 34 nascidas de julho a dezembro<\/p>\n<p>segunda-feira, 26 de julho: pessoas com 33 anos<br \/>\nter\u00e7a-feira, 27 de julho: pessoas com 32 anos<br \/>\nquarta-feira, 28 de julho: pessoas com 31<br \/>\nquinta-feira, 29 de julho: pessoas com 30 anos<\/p><\/div>\n<p>&nbsp;<\/p>\n<div id=\"box_compartilhar\" align=\"right\"><\/div>\n","protected":false},"excerpt":{"rendered":"<p>A vacina\u00e7\u00e3o contra a Covid-19 segue avan\u00e7ando em Juiz de Fora. Segundo informa\u00e7\u00f5es do site da Prefeitura de Juiz de Fora, at\u00e9 o fim deste m\u00eas de julho todas as pessoas que residem na cidade e que tenham at\u00e9 30 anos ou mais v\u00e3o poder receber a vacina contra o coronav\u00edrus. O novo calend\u00e1rio da [&hellip;]<\/p>\n","protected":false},"author":246,"featured_media":184801,"comment_status":"closed","ping_status":"closed","sticky":false,"template":"","format":"standard","meta":{"footnotes":""},"categories":[253,440,439],"tags":[],"class_list":["post-184800","post","type-post","status-publish","format-standard","has-post-thumbnail","hentry","category-cidade","category-destaques-do-dia","category-ultima-hora"],"_links":{"self":[{"href":"https:\/\/diarioregionaldigital.com.br\/index.php?rest_route=\/wp\/v2\/posts\/184800","targetHints":{"allow":["GET"]}}],"collection":[{"href":"https:\/\/diarioregionaldigital.com.br\/index.php?rest_route=\/wp\/v2\/posts"}],"about":[{"href":"https:\/\/diarioregionaldigital.com.br\/index.php?rest_route=\/wp\/v2\/types\/post"}],"author":[{"embeddable":true,"href":"https:\/\/diarioregionaldigital.com.br\/index.php?rest_route=\/wp\/v2\/users\/246"}],"replies":[{"embeddable":true,"href":"https:\/\/diarioregionaldigital.com.br\/index.php?rest_route=%2Fwp%2Fv2%2Fcomments&post=184800"}],"version-history":[{"count":1,"href":"https:\/\/diarioregionaldigital.com.br\/index.php?rest_route=\/wp\/v2\/posts\/184800\/revisions"}],"predecessor-version":[{"id":184802,"href":"https:\/\/diarioregionaldigital.com.br\/index.php?rest_route=\/wp\/v2\/posts\/184800\/revisions\/184802"}],"wp:featuredmedia":[{"embeddable":true,"href":"https:\/\/diarioregionaldigital.com.br\/index.php?rest_route=\/wp\/v2\/media\/184801"}],"wp:attachment":[{"href":"https:\/\/diarioregionaldigital.com.br\/index.php?rest_route=%2Fwp%2Fv2%2Fmedia&parent=184800"}],"wp:term":[{"taxonomy":"category","embeddable":true,"href":"https:\/\/diarioregionaldigital.com.br\/index.php?rest_route=%2Fwp%2Fv2%2Fcategories&post=184800"},{"taxonomy":"post_tag","embeddable":true,"href":"https:\/\/diarioregionaldigital.com.br\/index.php?rest_route=%2Fwp%2Fv2%2Ftags&post=184800"}],"curies":[{"name":"wp","href":"https:\/\/api.w.org\/{rel}","templated":true}]}}