{"id":184797,"date":"2021-07-02T19:10:10","date_gmt":"2021-07-02T22:10:10","guid":{"rendered":"https:\/\/diarioregionaldigital.com.br\/?p=184797"},"modified":"2021-07-05T14:21:53","modified_gmt":"2021-07-05T17:21:53","slug":"neste-sabado-3-acontece-vacinacao-contra-covid-no-drive-thru-da-ufjf-sport-club-pam-marechal-e-dsi","status":"publish","type":"post","link":"https:\/\/diarioregionaldigital.com.br\/?p=184797","title":{"rendered":"Neste s\u00e1bado, 3, acontece vacina\u00e7\u00e3o contra Covid no Drive-thru da UFJF, Sport Club, PAM Marechal e DSI"},"content":{"rendered":"<p>Neste s\u00e1bado, 3, as pessoas com 46 anos ou mais podem ser vacinadas no drive-thru da UFJF, no Sport Club, PAM Marechal e Departamento de Sa\u00fade do Idoso (DSI), das 8h \u00e0s 13h. J\u00e1 a repescagem para pessoas com comorbidades de 18 e 19 anos acontece exclusivamente no Sport Club. A Secretaria de Sa\u00fade (SS) da Prefeitura de Juiz de Fora (PJF) d\u00e1 sequ\u00eancia, ainda, \u00e0 vacina\u00e7\u00e3o de gr\u00e1vidas, pu\u00e9rperas e de lactantes em at\u00e9 6 meses de p\u00f3s-parto. A segunda dose segue sendo aplicada no s\u00e1bado normalmente nestes quatro postos de vacina\u00e7\u00e3o.<\/p>\n<p>Segundo informa\u00e7\u00f5es do site da Prefeitura de Juiz de Fora, as gr\u00e1vidas, pu\u00e9rperas (mulheres no p\u00f3s-parto at\u00e9 45 dias) e lactantes (mulheres que amamentam) com at\u00e9 seis meses de p\u00f3s-parto, todas elas com 18 anos ou mais, recebem a dose do imunizante no DSI, PAM Marechal, Sport Club e drive-thru da UFJF. A vacina\u00e7\u00e3o desses grupos segue nas pr\u00f3ximas semanas, uma vez que a vacina\u00e7\u00e3o para esse p\u00fablico \u00e9 cont\u00ednua. <b>Os endere\u00e7os e hor\u00e1rios de vacina\u00e7\u00e3o destes e dos demais p\u00fablicos-alvo da campanha podem ser vistos de forma detalhada no fim do texto.<\/b><\/p>\n<p><b>ATEN\u00c7\u00c3O<\/b><\/p>\n<p>Todos os que forem receber a segunda dose devem levar o cart\u00e3o de vacina para comprovar o recebimento da primeira. Deve-se ter aten\u00e7\u00e3o \u00e0 data de retorno no cart\u00e3o, pois n\u00e3o s\u00e3o aplicadas vacinas antes do prazo estipulado no mesmo. Al\u00e9m do cart\u00e3o, precisa ser apresentado documento original com foto, como o documento de identidade ou a carteira de motorista. A documenta\u00e7\u00e3o necess\u00e1ria para cada um dos grupos est\u00e1 dispon\u00edvel no site da PJF.<\/p>\n<p>Quem se vacinou contra a Influenza e tem direito de se vacinar tamb\u00e9m contra a Covid-19 deve esperar pelo menos 14 dias entre o momento que recebeu a dose do imunizante contra a Influenza para poder ser vacinado contra a Covid-19. Para quem foi diagnosticado com Covid-19, \u00e9 recomendado ao menos 30 dias de espera entre o come\u00e7o dos sintomas ou teste positivo (no caso dos assintom\u00e1ticos) para receber a vacina.<\/p>\n<p><b>Segundas doses<\/b><\/p>\n<p>Aqueles que forem receber a segunda dose devem levar o cart\u00e3o de vacina para comprovar o recebimento da primeira. Deve-se ter aten\u00e7\u00e3o \u00e0 data de retorno no cart\u00e3o, pois n\u00e3o s\u00e3o aplicadas vacinas antes do prazo estipulado no mesmo. Al\u00e9m do cart\u00e3o, precisa ser apresentado documento original com foto, como o documento de identidade ou a carteira de motorista.<\/p>\n<p><b>Confira como funciona a vacina\u00e7\u00e3o neste s\u00e1bado, 3<\/b><\/p>\n<p><b>Pessoas com 46 anos ou mais<\/b><br \/>\nSport Club, DSI, Pam Marechal e Drive-Thru da UFJF, todos das 8h \u00e0s 13h.<\/p>\n<p><b>Repescagem para pessoas com comorbidade ou defici\u00eancia permanente de 18 ou 19 anos<\/b><br \/>\nSport Club, das 8 \u00e0s 13h.<\/p>\n<p><b>Gr\u00e1vidas, pu\u00e9rperas (mulheres em at\u00e9 45 de p\u00f3s-parto) e lactantes com at\u00e9 6 meses de p\u00f3s-parto<\/b><br \/>\nSport Club, DSI, Pam Marechal e drive-thru da UFJF, todos das 8h \u00e0s 13h.<\/p>\n<p><b>Confira os Endere\u00e7os dos locais de vacina\u00e7\u00e3o<\/b><\/p>\n<p><b>Departamento de Sa\u00fade do Idoso<\/b><br \/>\nRua Batista de Oliveira, 943, Granbery<\/p>\n<p><b>Drive-Thru da UFJF<\/b><br \/>\nCampus da UFJF, estacionamento da Faculdade de Educa\u00e7\u00e3o (Faced)<\/p>\n<p><b>Sport Club Juiz de Fora<\/b><br \/>\nAvenida Bar\u00e3o do Rio Branco, 1.303, Centro<\/p>\n<p><b>PAM Marechal<\/b><br \/>\nR. Mal. Deodoro, 496, Centro<\/p>\n","protected":false},"excerpt":{"rendered":"<p>Neste s\u00e1bado, 3, as pessoas com 46 anos ou mais podem ser vacinadas no drive-thru da UFJF, no Sport Club, PAM Marechal e Departamento de Sa\u00fade do Idoso (DSI), das 8h \u00e0s 13h. J\u00e1 a repescagem para pessoas com comorbidades de 18 e 19 anos acontece exclusivamente no Sport Club. A Secretaria de Sa\u00fade (SS) [&hellip;]<\/p>\n","protected":false},"author":246,"featured_media":184798,"comment_status":"closed","ping_status":"closed","sticky":false,"template":"","format":"standard","meta":{"footnotes":""},"categories":[253,439],"tags":[],"class_list":["post-184797","post","type-post","status-publish","format-standard","has-post-thumbnail","hentry","category-cidade","category-ultima-hora"],"_links":{"self":[{"href":"https:\/\/diarioregionaldigital.com.br\/index.php?rest_route=\/wp\/v2\/posts\/184797","targetHints":{"allow":["GET"]}}],"collection":[{"href":"https:\/\/diarioregionaldigital.com.br\/index.php?rest_route=\/wp\/v2\/posts"}],"about":[{"href":"https:\/\/diarioregionaldigital.com.br\/index.php?rest_route=\/wp\/v2\/types\/post"}],"author":[{"embeddable":true,"href":"https:\/\/diarioregionaldigital.com.br\/index.php?rest_route=\/wp\/v2\/users\/246"}],"replies":[{"embeddable":true,"href":"https:\/\/diarioregionaldigital.com.br\/index.php?rest_route=%2Fwp%2Fv2%2Fcomments&post=184797"}],"version-history":[{"count":1,"href":"https:\/\/diarioregionaldigital.com.br\/index.php?rest_route=\/wp\/v2\/posts\/184797\/revisions"}],"predecessor-version":[{"id":184799,"href":"https:\/\/diarioregionaldigital.com.br\/index.php?rest_route=\/wp\/v2\/posts\/184797\/revisions\/184799"}],"wp:featuredmedia":[{"embeddable":true,"href":"https:\/\/diarioregionaldigital.com.br\/index.php?rest_route=\/wp\/v2\/media\/184798"}],"wp:attachment":[{"href":"https:\/\/diarioregionaldigital.com.br\/index.php?rest_route=%2Fwp%2Fv2%2Fmedia&parent=184797"}],"wp:term":[{"taxonomy":"category","embeddable":true,"href":"https:\/\/diarioregionaldigital.com.br\/index.php?rest_route=%2Fwp%2Fv2%2Fcategories&post=184797"},{"taxonomy":"post_tag","embeddable":true,"href":"https:\/\/diarioregionaldigital.com.br\/index.php?rest_route=%2Fwp%2Fv2%2Ftags&post=184797"}],"curies":[{"name":"wp","href":"https:\/\/api.w.org\/{rel}","templated":true}]}}