{"id":184790,"date":"2021-07-02T18:59:05","date_gmt":"2021-07-02T21:59:05","guid":{"rendered":"https:\/\/diarioregionaldigital.com.br\/?p=184790"},"modified":"2021-07-02T18:59:05","modified_gmt":"2021-07-02T21:59:05","slug":"com-100-de-bolsistas-canoagem-velocidade-e-convocada-para-toquio","status":"publish","type":"post","link":"https:\/\/diarioregionaldigital.com.br\/?p=184790","title":{"rendered":"Com 100% de bolsistas, canoagem velocidade \u00e9 convocada para T\u00f3quio"},"content":{"rendered":"<p>A Confedera\u00e7\u00e3o Brasileira de Canoagem divulgou, nesta quinta-feira (1.07), a lista com os tr\u00eas convocados que representar\u00e3o o Brasil na canoagem de velocidade nos Jogos Ol\u00edmpicos de T\u00f3quio. Segundo a entidade, foram obedecidos os crit\u00e9rios estabelecidos no plano de trabalho definido previamente. A equipe \u00e9 composta por Isaquias Queiroz, Jacky Jamael Nascimento Godman e Vagner J\u00fanior Souta, al\u00e9m do t\u00e9cnico Lauro de Souza J\u00fanior, do auxiliar Nivalter Santos de Jesus e do chefe de equipe Alvaro Koslowski.<\/p>\n<p>Os tr\u00eas atletas s\u00e3o integrantes do Bolsa Atleta, programa de patroc\u00ednio individual do Governo Federal Brasileiro, executado pela Secretaria Especial do Esporte do Minist\u00e9rio da Cidadania. Isaquias pertence \u00e0 categoria P\u00f3dio, a principal do programa. Vagner Souta integra a categoria ol\u00edmpica e Jacky Godman faz parte da Internacional. No ciclo entre os Jogos Rio 2016 e T\u00f3quio 2021, a canoagem velocidade recebeu R$ 7,89 milh\u00f5es somente com os repasses diretos do Bolsa Atleta a praticantes da modalidade.<\/p>\n<p>Isaquias \u00e9 o principal nome da canoagem de velocidade no pa\u00eds. Nos Jogos Rio 2016, o atleta foi o maior destaque individual da delega\u00e7\u00e3o nacional, com tr\u00eas medalhas ol\u00edmpicas. Ele foi prata nas provas individuais de 200 metros e de mil metros e conquistou o bronze, ao lado de Erlon de Souza, na prova C2 de mil metros.<\/p>\n<p>No ciclo entre o Rio e T\u00f3quio, Isaquias manteve a sequ\u00eancia de bons resultados, com destaque para o t\u00edtulo mundial conquistado em 2019 e por medalhas em diversas etapas do circuito internacional. Em T\u00f3quio, ele ter\u00e1 como dupla Jacky Jamael, de 22 anos, seu parceiro no Flamengo. Juntos, os dois foram bronze na prova de C2 1.000 na Copa do Mundo disputada recentemente na Hungria, em maio. No mesmo torneio, Isaquias conquistou a prata no C1 1.000m.<\/p>\n<p>Pela programa\u00e7\u00e3o anunciada pela confedera\u00e7\u00e3o da modalidade, o trio embarca em 10 de julho para um est\u00e1gio de prepara\u00e7\u00e3o no Centro de Treinamento da Nelo, em Montebelo Aguieira, em Portugal. Na sequ\u00eancia, haver\u00e1 um per\u00edodo de aclimata\u00e7\u00e3o em Miyagase, no Jap\u00e3o. Em T\u00f3quio, as competi\u00e7\u00f5es da canoagem ser\u00e3o na reta final dos Jogos, entre 2 e 7 de agosto.<\/p>\n<p>Fonte: Rededoesporte<\/p>\n","protected":false},"excerpt":{"rendered":"<p>A Confedera\u00e7\u00e3o Brasileira de Canoagem divulgou, nesta quinta-feira (1.07), a lista com os tr\u00eas convocados que representar\u00e3o o Brasil na canoagem de velocidade nos Jogos Ol\u00edmpicos de T\u00f3quio. Segundo a entidade, foram obedecidos os crit\u00e9rios estabelecidos no plano de trabalho definido previamente. A equipe \u00e9 composta por Isaquias Queiroz, Jacky Jamael Nascimento Godman e Vagner [&hellip;]<\/p>\n","protected":false},"author":246,"featured_media":0,"comment_status":"closed","ping_status":"closed","sticky":false,"template":"","format":"standard","meta":{"footnotes":""},"categories":[436,257,439],"tags":[],"class_list":["post-184790","post","type-post","status-publish","format-standard","hentry","category-destaque-da-semana","category-esporte","category-ultima-hora"],"_links":{"self":[{"href":"https:\/\/diarioregionaldigital.com.br\/index.php?rest_route=\/wp\/v2\/posts\/184790","targetHints":{"allow":["GET"]}}],"collection":[{"href":"https:\/\/diarioregionaldigital.com.br\/index.php?rest_route=\/wp\/v2\/posts"}],"about":[{"href":"https:\/\/diarioregionaldigital.com.br\/index.php?rest_route=\/wp\/v2\/types\/post"}],"author":[{"embeddable":true,"href":"https:\/\/diarioregionaldigital.com.br\/index.php?rest_route=\/wp\/v2\/users\/246"}],"replies":[{"embeddable":true,"href":"https:\/\/diarioregionaldigital.com.br\/index.php?rest_route=%2Fwp%2Fv2%2Fcomments&post=184790"}],"version-history":[{"count":2,"href":"https:\/\/diarioregionaldigital.com.br\/index.php?rest_route=\/wp\/v2\/posts\/184790\/revisions"}],"predecessor-version":[{"id":184793,"href":"https:\/\/diarioregionaldigital.com.br\/index.php?rest_route=\/wp\/v2\/posts\/184790\/revisions\/184793"}],"wp:attachment":[{"href":"https:\/\/diarioregionaldigital.com.br\/index.php?rest_route=%2Fwp%2Fv2%2Fmedia&parent=184790"}],"wp:term":[{"taxonomy":"category","embeddable":true,"href":"https:\/\/diarioregionaldigital.com.br\/index.php?rest_route=%2Fwp%2Fv2%2Fcategories&post=184790"},{"taxonomy":"post_tag","embeddable":true,"href":"https:\/\/diarioregionaldigital.com.br\/index.php?rest_route=%2Fwp%2Fv2%2Ftags&post=184790"}],"curies":[{"name":"wp","href":"https:\/\/api.w.org\/{rel}","templated":true}]}}