{"id":184781,"date":"2021-07-02T18:42:55","date_gmt":"2021-07-02T21:42:55","guid":{"rendered":"https:\/\/diarioregionaldigital.com.br\/?p=184781"},"modified":"2021-07-02T18:42:55","modified_gmt":"2021-07-02T21:42:55","slug":"minas-recebe-autorizacao-para-importacao-da-vacina-sputnik-v","status":"publish","type":"post","link":"https:\/\/diarioregionaldigital.com.br\/?p=184781","title":{"rendered":"Minas recebe autoriza\u00e7\u00e3o para importa\u00e7\u00e3o da vacina Sputnik V"},"content":{"rendered":"<p>O\u00a0<a href=\"http:\/\/www.mg.gov.br\/\" target=\"_blank\" rel=\"noopener\">Governo de Minas<\/a>\u00a0dar\u00e1 continuidade ao processo de importa\u00e7\u00e3o da vacina russa Sputnik V. A autoriza\u00e7\u00e3o para a compra do imunizante foi concedida, em car\u00e1ter excepcional, pela Diretoria Colegiada da Ag\u00eancia Nacional de Vigil\u00e2ncia Sanit\u00e1ria (Anvisa) e comunicada ao Executivo nesta sexta-feira (2\/7). Inicialmente, Minas\u00a0dever\u00e1 realizar a aquisi\u00e7\u00e3o de at\u00e9 428 mil doses do imunizante, o que permitir\u00e1 importante avan\u00e7o nesta que \u00e9 a maior opera\u00e7\u00e3o de vacina\u00e7\u00e3o da hist\u00f3ria de Minas Gerais.<\/p>\n<p>O governador Romeu Zema comemorou a aprova\u00e7\u00e3o da Anvisa para compra do imunizante. \u201cA Anvisa autorizou a nossa solicita\u00e7\u00e3o de importa\u00e7\u00e3o de 428 mil doses da vacina Sputnik. Mas, agora, o fundo soberano russo vai junto com a Seplag dar a data da entrega, que eu espero que seja o mais breve poss\u00edvel&#8221;, afirmou Zema.<\/p>\n<p>Com a libera\u00e7\u00e3o, o Governo de Minas prosseguir\u00e1 com os encaminhamentos para finalizar as negocia\u00e7\u00f5es do contrato junto ao Fundo Soberano Russo. O quantitativo de doses pleiteado corresponde a imuniza\u00e7\u00e3o de 1% da popula\u00e7\u00e3o mineira, limite m\u00e1ximo estabelecido pela Anvisa.<\/p>\n<p>O pedido de autoriza\u00e7\u00e3o para importa\u00e7\u00e3o excepcional de doses da vacina Sputnik V foi oficializado pelo Estado no m\u00eas de junho. A negocia\u00e7\u00e3o leva em considera\u00e7\u00e3o diversos pontos, como prazo estabelecido para entrega.<\/p>\n<p>A importa\u00e7\u00e3o da Sputnik V ser\u00e1 realizada respeitando condicionantes e assinatura de Termo de Compromisso, para o enfrentamento da emerg\u00eancia de sa\u00fade p\u00fablica de import\u00e2ncia nacional decorrente do surto do novo coronav\u00edrus (SARS-CoV-2), nos termos da Lei n\u00ba 14.124\/2021.<\/p>\n<p><strong>Imuniza\u00e7\u00e3o no Estado<\/strong><\/p>\n<p>At\u00e9 o momento, o Governo do Estado recebeu do Minist\u00e9rio da Sa\u00fade 13.441.624 doses das vacinas CoronaVac, AstraZeneca\/Oxford, Pfizer\/BioNTech e Janssen. Nesta sexta-feira, o Minas chegou perto da marca de\u00a010 milh\u00f5es de vacinas aplicadas.<\/p>\n<p>Mais de 7,2 milh\u00f5es de mineiros receberam a primeira dose, cerca de 2,7 milh\u00f5es j\u00e1 completaram o esquema vacinal de duas doses e aproximadamente\u00a0 24 mil pessoas receberam a dose \u00fanica, conforme os dados publicados no\u00a0<a href=\"https:\/\/coronavirus.saude.mg.gov.br\/vacinometro\" target=\"_blank\" rel=\"noopener\">Vacin\u00f4metro<\/a>, painel disponibilizado por meio da\u00a0<a href=\"http:\/\/www.saude.mg.gov.br\/\" target=\"_blank\" rel=\"noopener\">Secretaria de Estado de Sa\u00fade (SES-MG)<\/a>.<\/p>\n<p><span style=\"font-weight: 400;\"><br \/>\n<\/span><span style=\"font-weight: 400;\">Fonte: Ag\u00eancia Minas<\/span><\/p>\n","protected":false},"excerpt":{"rendered":"<p>O\u00a0Governo de Minas\u00a0dar\u00e1 continuidade ao processo de importa\u00e7\u00e3o da vacina russa Sputnik V. A autoriza\u00e7\u00e3o para a compra do imunizante foi concedida, em car\u00e1ter excepcional, pela Diretoria Colegiada da Ag\u00eancia Nacional de Vigil\u00e2ncia Sanit\u00e1ria (Anvisa) e comunicada ao Executivo nesta sexta-feira (2\/7). Inicialmente, Minas\u00a0dever\u00e1 realizar a aquisi\u00e7\u00e3o de at\u00e9 428 mil doses do imunizante, o [&hellip;]<\/p>\n","protected":false},"author":246,"featured_media":184782,"comment_status":"closed","ping_status":"closed","sticky":false,"template":"","format":"standard","meta":{"footnotes":""},"categories":[436,254,439],"tags":[],"class_list":["post-184781","post","type-post","status-publish","format-standard","has-post-thumbnail","hentry","category-destaque-da-semana","category-politica","category-ultima-hora"],"_links":{"self":[{"href":"https:\/\/diarioregionaldigital.com.br\/index.php?rest_route=\/wp\/v2\/posts\/184781","targetHints":{"allow":["GET"]}}],"collection":[{"href":"https:\/\/diarioregionaldigital.com.br\/index.php?rest_route=\/wp\/v2\/posts"}],"about":[{"href":"https:\/\/diarioregionaldigital.com.br\/index.php?rest_route=\/wp\/v2\/types\/post"}],"author":[{"embeddable":true,"href":"https:\/\/diarioregionaldigital.com.br\/index.php?rest_route=\/wp\/v2\/users\/246"}],"replies":[{"embeddable":true,"href":"https:\/\/diarioregionaldigital.com.br\/index.php?rest_route=%2Fwp%2Fv2%2Fcomments&post=184781"}],"version-history":[{"count":1,"href":"https:\/\/diarioregionaldigital.com.br\/index.php?rest_route=\/wp\/v2\/posts\/184781\/revisions"}],"predecessor-version":[{"id":184783,"href":"https:\/\/diarioregionaldigital.com.br\/index.php?rest_route=\/wp\/v2\/posts\/184781\/revisions\/184783"}],"wp:featuredmedia":[{"embeddable":true,"href":"https:\/\/diarioregionaldigital.com.br\/index.php?rest_route=\/wp\/v2\/media\/184782"}],"wp:attachment":[{"href":"https:\/\/diarioregionaldigital.com.br\/index.php?rest_route=%2Fwp%2Fv2%2Fmedia&parent=184781"}],"wp:term":[{"taxonomy":"category","embeddable":true,"href":"https:\/\/diarioregionaldigital.com.br\/index.php?rest_route=%2Fwp%2Fv2%2Fcategories&post=184781"},{"taxonomy":"post_tag","embeddable":true,"href":"https:\/\/diarioregionaldigital.com.br\/index.php?rest_route=%2Fwp%2Fv2%2Ftags&post=184781"}],"curies":[{"name":"wp","href":"https:\/\/api.w.org\/{rel}","templated":true}]}}