{"id":184772,"date":"2021-07-02T18:28:14","date_gmt":"2021-07-02T21:28:14","guid":{"rendered":"https:\/\/diarioregionaldigital.com.br\/?p=184772"},"modified":"2021-07-02T18:28:14","modified_gmt":"2021-07-02T21:28:14","slug":"maioria-dos-brasileiros-teme-fraudes-diz-pesquisa-da-febraban","status":"publish","type":"post","link":"https:\/\/diarioregionaldigital.com.br\/?p=184772","title":{"rendered":"Maioria dos brasileiros teme fraudes, diz pesquisa da Febraban"},"content":{"rendered":"<p>Uma pesquisa feita pela Federa\u00e7\u00e3o Brasileira de Bancos (Febraban) mostrou que a grande maioria dos brasileiros j\u00e1 sofreu tentativa de fraude de seus dados pessoais ou conhece algu\u00e9m que tenha sido v\u00edtima desse tipo de crime. A maior parte dos brasileiros tamb\u00e9m teme viola\u00e7\u00e3o de seus dados pessoais. Os dados foram revelados no estudo Seguran\u00e7a de Dados no Brasil &#8211; Febraban\/Ipespe, divulgada hoje (2).<img decoding=\"async\" src=\"https:\/\/agenciabrasil.ebc.com.br\/ebc.png?id=1414488&amp;o=node\" \/><img decoding=\"async\" src=\"https:\/\/agenciabrasil.ebc.com.br\/ebc.gif?id=1414488&amp;o=node\" \/><\/p>\n<p>Para 91% dos entrevistados, esse tipo de crime aumentou durante a pandemia. Nos \u00faltimos 12 meses, os pr\u00f3prios entrevistados ou familiares foram v\u00edtimas desses crimes, sendo as situa\u00e7\u00f5es mais comuns aquelas que envolvem recebimento de mensagens ou liga\u00e7\u00e3o telef\u00f4nica com solicita\u00e7\u00e3o fraudulenta de dados pessoais ou banc\u00e1rios (43%) e pedido de dep\u00f3sito ou transfer\u00eancia de dinheiro para amigo ou parente (34%).<\/p>\n<p>Tamb\u00e9m foram citadas entre essas tentativas de fraudes a cobran\u00e7a fraudulenta ou compra indevida no cart\u00e3o de d\u00e9bito ou cr\u00e9dito (29%); a invas\u00e3o do\u00a0<em>e-mail<\/em>\u00a0ou das redes sociais, com algu\u00e9m assumindo o controle de sua conta sem sua permiss\u00e3o (18%); a clonagem de celular ou\u00a0<em>WhatsApp<\/em>\u00a0(18%); a tentativa de abertura de linha de cr\u00e9dito ou solicita\u00e7\u00e3o de empr\u00e9stimo usando seu nome (15%); e a invas\u00e3o e acesso a dados banc\u00e1rios (14%).<\/p>\n<p>A grande maioria das pessoas analisadas nessa pesquisa (86%) diz ter medo de ser v\u00edtima de fraudes ou viola\u00e7\u00f5es de seus dados pessoais. E um ter\u00e7o dessas pessoas da pesquisa disse acreditar que est\u00e1 menos segura em rela\u00e7\u00e3o a seus dados pessoais (33%). Elas estimam que, nos pr\u00f3ximos cinco anos, essa seguran\u00e7a dos dados pessoais v\u00e1 evoluir (54% disseram acreditar nisso).<\/p>\n<p>\u201cSeguran\u00e7a digital \u00e9 um tema que a sociedade precisa encarar de frente e j\u00e1 est\u00e1 fazendo, pois diariamente esses crimes afetam pessoas e empresas, ganham espa\u00e7o no notici\u00e1rio econ\u00f4mico, pol\u00edtico e policial envolvendo n\u00e3o s\u00f3 o cidad\u00e3o, mas tamb\u00e9m grandes corpora\u00e7\u00f5es e institui\u00e7\u00f5es p\u00fablicas e privadas\u201d, disse Isaac Sidney, presidente da Febraban, ao comentar a pesquisa.<\/p>\n<p>Entre os entrevistados, a maioria deles tamb\u00e9m considera que a privacidade nos meios eletr\u00f4nicos \u00e9 mito (59%) e que suas informa\u00e7\u00f5es podem ser acessadas por outros. Cerca de 79% dessas pessoas mostraram preocupa\u00e7\u00e3o em como as empresas e institui\u00e7\u00f5es tem utilizados seus dados pessoais, percentual que \u00e9 maior do que a preocupa\u00e7\u00e3o gerada em rela\u00e7\u00e3o aos\u00a0 governos (60%).<\/p>\n<p>A pesquisa demonstrou ainda que apenas 11% das pessoas entrevistadas conhecem muito bem as leis de prote\u00e7\u00e3o de dados e que 45% conhecem mais ou menos essas leis.<\/p>\n<p>A pesquisa foi realizada entre os dias 18 e 25 de junho e ouviu 3 mil pessoas nas cinco regi\u00f5es do pa\u00eds.<\/p>\n<p>Segundo dados da Febraban, os ataques de\u00a0<em>phishing<\/em>, tentativa de roubo de senhas e de dados pessoais pela internet, cresceram 100% no primeiro bimestre deste ano em rela\u00e7\u00e3o ao ano passado. J\u00e1 os golpes da falsa central telef\u00f4nico e do falso funcion\u00e1rio do banco cresceram 340%.<\/p>\n<p><span style=\"font-weight: 400;\">Fonte: Ag\u00eancia Brasil <\/span><\/p>\n","protected":false},"excerpt":{"rendered":"<p>Uma pesquisa feita pela Federa\u00e7\u00e3o Brasileira de Bancos (Febraban) mostrou que a grande maioria dos brasileiros j\u00e1 sofreu tentativa de fraude de seus dados pessoais ou conhece algu\u00e9m que tenha sido v\u00edtima desse tipo de crime. A maior parte dos brasileiros tamb\u00e9m teme viola\u00e7\u00e3o de seus dados pessoais. Os dados foram revelados no estudo Seguran\u00e7a [&hellip;]<\/p>\n","protected":false},"author":246,"featured_media":184773,"comment_status":"closed","ping_status":"closed","sticky":false,"template":"","format":"standard","meta":{"footnotes":""},"categories":[440,261,439],"tags":[],"class_list":["post-184772","post","type-post","status-publish","format-standard","has-post-thumbnail","hentry","category-destaques-do-dia","category-economia","category-ultima-hora"],"_links":{"self":[{"href":"https:\/\/diarioregionaldigital.com.br\/index.php?rest_route=\/wp\/v2\/posts\/184772","targetHints":{"allow":["GET"]}}],"collection":[{"href":"https:\/\/diarioregionaldigital.com.br\/index.php?rest_route=\/wp\/v2\/posts"}],"about":[{"href":"https:\/\/diarioregionaldigital.com.br\/index.php?rest_route=\/wp\/v2\/types\/post"}],"author":[{"embeddable":true,"href":"https:\/\/diarioregionaldigital.com.br\/index.php?rest_route=\/wp\/v2\/users\/246"}],"replies":[{"embeddable":true,"href":"https:\/\/diarioregionaldigital.com.br\/index.php?rest_route=%2Fwp%2Fv2%2Fcomments&post=184772"}],"version-history":[{"count":1,"href":"https:\/\/diarioregionaldigital.com.br\/index.php?rest_route=\/wp\/v2\/posts\/184772\/revisions"}],"predecessor-version":[{"id":184774,"href":"https:\/\/diarioregionaldigital.com.br\/index.php?rest_route=\/wp\/v2\/posts\/184772\/revisions\/184774"}],"wp:featuredmedia":[{"embeddable":true,"href":"https:\/\/diarioregionaldigital.com.br\/index.php?rest_route=\/wp\/v2\/media\/184773"}],"wp:attachment":[{"href":"https:\/\/diarioregionaldigital.com.br\/index.php?rest_route=%2Fwp%2Fv2%2Fmedia&parent=184772"}],"wp:term":[{"taxonomy":"category","embeddable":true,"href":"https:\/\/diarioregionaldigital.com.br\/index.php?rest_route=%2Fwp%2Fv2%2Fcategories&post=184772"},{"taxonomy":"post_tag","embeddable":true,"href":"https:\/\/diarioregionaldigital.com.br\/index.php?rest_route=%2Fwp%2Fv2%2Ftags&post=184772"}],"curies":[{"name":"wp","href":"https:\/\/api.w.org\/{rel}","templated":true}]}}