{"id":184759,"date":"2021-07-02T06:00:36","date_gmt":"2021-07-02T09:00:36","guid":{"rendered":"https:\/\/diarioregionaldigital.com.br\/?p=184759"},"modified":"2021-07-01T23:11:19","modified_gmt":"2021-07-02T02:11:19","slug":"estrela","status":"publish","type":"post","link":"https:\/\/diarioregionaldigital.com.br\/?p=184759","title":{"rendered":"Estrela"},"content":{"rendered":"<p style=\"text-align: center;\"><strong>Respirador<\/strong><\/p>\n<p style=\"text-align: center;\">A ci\u00eancia brasileira esta na UTI e vai sucumbir se n\u00e3o tiver os recursos do FNDCT, o principal fundo de fomento cient\u00edfico que poderia injetar mais de R$ 7 bilh\u00f5es em pesquisa e inova\u00e7\u00e3o ainda neste ano. A opini\u00e3o \u00e9 do Coordenador do Centro de Estudos Estrat\u00e9gicos da Fiocruz, o economista Carlos Gadelha.<\/p>\n<p style=\"text-align: center;\"><strong>Closet<\/strong><\/p>\n<p style=\"text-align: center;\">O objeto do desejo da vez da Dior n\u00e3o \u00e9 uma vers\u00e3o da bolsa Lady Dior ou uma T-SHIRT estampada. A estilista Maria Grazia Chiuri redesenhou um \u00edcone de liberdade e eleg\u00e2ncia: a Vespa 946, que ganhou linhas sutis e gr\u00e1ficas. \u00c9 o casamento perfeito em edi\u00e7\u00e3o limitada.<\/p>\n<p style=\"text-align: center;\"><strong>M\u00fasica&#8230;M\u00fasica<\/strong><\/p>\n<p style=\"text-align: center;\">O regente do Coral Arquidiocesano Benedictus, padre Jo\u00e3o Francisco Batista da Silva lan\u00e7ou a m\u00fasica \u201cEstou aqui, Senhor\u201d, inspirada nas mudan\u00e7a causadas pela pandemia do novo Coronav\u00edrus.<\/p>\n<p style=\"text-align: center;\"><strong>Estrela<\/strong><\/p>\n<p style=\"text-align: center;\">Apontada como um dos destaques de 2020 pela revista americana Billboard, a cantora brasileira de funk e pop Bianca, que acaba de completar 20 anos, \u00e9 um fura\u00e7\u00e3o que vai al\u00e9m do hit \u201cTudo no sigilo\u201d. Usa e pensa a moda para passar sua mensagem.<\/p>\n<p style=\"text-align: center;\"><strong>Aviso<\/strong><\/p>\n<p style=\"text-align: center;\">A quem n\u00e3o quiser ser atropelado pelo carro aleg\u00f3rico, use lavar as m\u00e3o, \u00e1lcool em gel e m\u00e1scara.<\/p>\n<div id=\"attachment_184751\" style=\"width: 690px\" class=\"wp-caption aligncenter\"><img loading=\"lazy\" decoding=\"async\" aria-describedby=\"caption-attachment-184751\" class=\"wp-image-184751\" src=\"https:\/\/diarioregionaldigital.com.br\/wp-content\/uploads\/2021\/07\/fotoe-e1625190099653.jpg\" alt=\"\" width=\"680\" height=\"477\" srcset=\"https:\/\/diarioregionaldigital.com.br\/wp-content\/uploads\/2021\/07\/fotoe-e1625190099653.jpg 671w, https:\/\/diarioregionaldigital.com.br\/wp-content\/uploads\/2021\/07\/fotoe-e1625190099653-300x210.jpg 300w, https:\/\/diarioregionaldigital.com.br\/wp-content\/uploads\/2021\/07\/fotoe-e1625190099653-360x253.jpg 360w, https:\/\/diarioregionaldigital.com.br\/wp-content\/uploads\/2021\/07\/fotoe-e1625190099653-100x70.jpg 100w\" sizes=\"auto, (max-width: 680px) 100vw, 680px\" \/><p id=\"caption-attachment-184751\" class=\"wp-caption-text\">Um brinde a coluna dos queridos, Edmar J\u00fanior e Sandra Portella<\/p><\/div>\n<div id=\"attachment_184750\" style=\"width: 690px\" class=\"wp-caption aligncenter\"><img loading=\"lazy\" decoding=\"async\" aria-describedby=\"caption-attachment-184750\" class=\"wp-image-184750\" src=\"https:\/\/diarioregionaldigital.com.br\/wp-content\/uploads\/2021\/07\/fotod-e1625190053893.jpg\" alt=\"\" width=\"680\" height=\"460\" srcset=\"https:\/\/diarioregionaldigital.com.br\/wp-content\/uploads\/2021\/07\/fotod-e1625190053893.jpg 852w, https:\/\/diarioregionaldigital.com.br\/wp-content\/uploads\/2021\/07\/fotod-e1625190053893-300x203.jpg 300w, https:\/\/diarioregionaldigital.com.br\/wp-content\/uploads\/2021\/07\/fotod-e1625190053893-768x519.jpg 768w, https:\/\/diarioregionaldigital.com.br\/wp-content\/uploads\/2021\/07\/fotod-e1625190053893-360x243.jpg 360w\" sizes=\"auto, (max-width: 680px) 100vw, 680px\" \/><p id=\"caption-attachment-184750\" class=\"wp-caption-text\">No T\u00fanel do tempo na bomb\u00e1stica Feijoada CR no Capit\u00f3lio, os amigos Eduardo Gomes, \u00c2ngela Lopes, Jos\u00e9 Godeiro e Da\u00e7a Sudr\u00e9<\/p><\/div>\n<div id=\"attachment_184749\" style=\"width: 690px\" class=\"wp-caption aligncenter\"><img loading=\"lazy\" decoding=\"async\" aria-describedby=\"caption-attachment-184749\" class=\"wp-image-184749\" src=\"https:\/\/diarioregionaldigital.com.br\/wp-content\/uploads\/2021\/07\/fotob-e1625190015428.jpg\" alt=\"\" width=\"680\" height=\"492\" srcset=\"https:\/\/diarioregionaldigital.com.br\/wp-content\/uploads\/2021\/07\/fotob-e1625190015428.jpg 507w, https:\/\/diarioregionaldigital.com.br\/wp-content\/uploads\/2021\/07\/fotob-e1625190015428-300x217.jpg 300w, https:\/\/diarioregionaldigital.com.br\/wp-content\/uploads\/2021\/07\/fotob-e1625190015428-360x261.jpg 360w\" sizes=\"auto, (max-width: 680px) 100vw, 680px\" \/><p id=\"caption-attachment-184749\" class=\"wp-caption-text\">Bel\u00edssima Adriana Pires Canetti\u00e9re, enfeita hoje esta coluna social<\/p><\/div>\n<div id=\"attachment_184748\" style=\"width: 690px\" class=\"wp-caption aligncenter\"><img loading=\"lazy\" decoding=\"async\" aria-describedby=\"caption-attachment-184748\" class=\"wp-image-184748\" src=\"https:\/\/diarioregionaldigital.com.br\/wp-content\/uploads\/2021\/07\/fotoa-e1625189678228.jpeg\" alt=\"\" width=\"680\" height=\"495\" srcset=\"https:\/\/diarioregionaldigital.com.br\/wp-content\/uploads\/2021\/07\/fotoa-e1625189678228.jpeg 907w, https:\/\/diarioregionaldigital.com.br\/wp-content\/uploads\/2021\/07\/fotoa-e1625189678228-300x218.jpeg 300w, https:\/\/diarioregionaldigital.com.br\/wp-content\/uploads\/2021\/07\/fotoa-e1625189678228-768x559.jpeg 768w, https:\/\/diarioregionaldigital.com.br\/wp-content\/uploads\/2021\/07\/fotoa-e1625189678228-360x262.jpeg 360w\" sizes=\"auto, (max-width: 680px) 100vw, 680px\" \/><p id=\"caption-attachment-184748\" class=\"wp-caption-text\">Em momento feliz fazendo social, o casal Daniella Dias e Leonardo Medeiros<\/p><\/div>\n<div id=\"attachment_184752\" style=\"width: 690px\" class=\"wp-caption aligncenter\"><img loading=\"lazy\" decoding=\"async\" aria-describedby=\"caption-attachment-184752\" class=\"wp-image-184752\" src=\"https:\/\/diarioregionaldigital.com.br\/wp-content\/uploads\/2021\/07\/fotof-e1625190135356.jpg\" alt=\"\" width=\"680\" height=\"482\" srcset=\"https:\/\/diarioregionaldigital.com.br\/wp-content\/uploads\/2021\/07\/fotof-e1625190135356.jpg 866w, https:\/\/diarioregionaldigital.com.br\/wp-content\/uploads\/2021\/07\/fotof-e1625190135356-300x213.jpg 300w, https:\/\/diarioregionaldigital.com.br\/wp-content\/uploads\/2021\/07\/fotof-e1625190135356-768x545.jpg 768w, https:\/\/diarioregionaldigital.com.br\/wp-content\/uploads\/2021\/07\/fotof-e1625190135356-750x530.jpg 750w, https:\/\/diarioregionaldigital.com.br\/wp-content\/uploads\/2021\/07\/fotof-e1625190135356-360x255.jpg 360w, https:\/\/diarioregionaldigital.com.br\/wp-content\/uploads\/2021\/07\/fotof-e1625190135356-100x70.jpg 100w\" sizes=\"auto, (max-width: 680px) 100vw, 680px\" \/><p id=\"caption-attachment-184752\" class=\"wp-caption-text\">O sindicalista S\u00e9rgio F\u00e9lix fazendo um carinho na bondosa Dona Maria<\/p><\/div>\n<div id=\"attachment_184753\" style=\"width: 690px\" class=\"wp-caption aligncenter\"><img loading=\"lazy\" decoding=\"async\" aria-describedby=\"caption-attachment-184753\" class=\"wp-image-184753\" src=\"https:\/\/diarioregionaldigital.com.br\/wp-content\/uploads\/2021\/07\/fotog-e1625190171549.jpg\" alt=\"\" width=\"680\" height=\"499\" srcset=\"https:\/\/diarioregionaldigital.com.br\/wp-content\/uploads\/2021\/07\/fotog-e1625190171549.jpg 497w, https:\/\/diarioregionaldigital.com.br\/wp-content\/uploads\/2021\/07\/fotog-e1625190171549-300x220.jpg 300w, https:\/\/diarioregionaldigital.com.br\/wp-content\/uploads\/2021\/07\/fotog-e1625190171549-360x264.jpg 360w\" sizes=\"auto, (max-width: 680px) 100vw, 680px\" \/><p id=\"caption-attachment-184753\" class=\"wp-caption-text\">Querido e lindo casal em destaque: Stephanie Frank e Mateus Faza<\/p><\/div>\n<p style=\"text-align: center;\"><strong>FOTOSS\u00cdNTESE<\/strong><\/p>\n<p>Foi pelo Instagram da Federa\u00e7\u00e3o Brasileira de Ve\u00edculos Antigos, que din\u00e2mico Marcelo Mantelli apresentou o \u201cPapo de Rally\u201d com colecionador Jos\u00e9 C\u00e2ndido Muricy Neto.<\/p>\n<p>Para o segundo semestre o Bahamas monta a sexta unidade do Express na cidade de Uberaba no Tri\u00e2ngulo Miniero.<\/p>\n<p>O gim mineiro Lassaleti conquistou o t\u00edtulo de melhor London Dry Gin do pa\u00eds em 2021 no World Gin Awards.<\/p>\n<p>Esperto e cheio de talento Eric Aglio Silveira lan\u00e7ou seu primeiro livro infantil \u201cRodolfo e as aventuras m\u00e1gicas\u201d, escrito aos 5 anos de idade.<\/p>\n<p>Os propriet\u00e1rios de quadras esportivas na cidade pede reabertura das quadras esportivas em Juiz de Fora. A ACES (sindicato) encaminhou protocolo \u00e0 Prefeitura (PJP).<\/p>\n<p>Um estudo da ABF Sistema aponta que o segmento de franquias de Casa Constru\u00e7\u00e3o foi a que mais cresceu na pandemia.<\/p>\n<p>Antenad\u00edssima a influenciadora digital Duda Del Duca (cantora e atriz), agora se dedica \u00e0 dan\u00e7a.<\/p>\n<p>As jornalistas Ana Paula Fernandes e Arilda Costa mostraram sua mineirice na live da Abrajet. Elas moram no M\u00e9xico e na Tail\u00e2ndia.<\/p>\n<p>Antiv\u00edrus: A pandemia e seus efeitos continuar\u00e3o a se fazer sentir mesmo depois que o v\u00edrus nos deixar, mas poder\u00e3o ser atenuados se combatermos os dois outros v\u00edrus que h\u00e1 s\u00e9culos nos distanciam socialmente: o da indiferen\u00e7a e o da ignor\u00e2ncia. Bom dia.<\/p>\n<p><img loading=\"lazy\" decoding=\"async\" class=\"aligncenter size-full wp-image-184754\" src=\"https:\/\/diarioregionaldigital.com.br\/wp-content\/uploads\/2021\/07\/anuncio39-scaled.jpg\" alt=\"\" width=\"2560\" height=\"988\" srcset=\"https:\/\/diarioregionaldigital.com.br\/wp-content\/uploads\/2021\/07\/anuncio39-scaled.jpg 2560w, https:\/\/diarioregionaldigital.com.br\/wp-content\/uploads\/2021\/07\/anuncio39-300x116.jpg 300w, https:\/\/diarioregionaldigital.com.br\/wp-content\/uploads\/2021\/07\/anuncio39-1024x395.jpg 1024w, https:\/\/diarioregionaldigital.com.br\/wp-content\/uploads\/2021\/07\/anuncio39-768x297.jpg 768w, https:\/\/diarioregionaldigital.com.br\/wp-content\/uploads\/2021\/07\/anuncio39-1536x593.jpg 1536w, https:\/\/diarioregionaldigital.com.br\/wp-content\/uploads\/2021\/07\/anuncio39-2048x791.jpg 2048w, https:\/\/diarioregionaldigital.com.br\/wp-content\/uploads\/2021\/07\/anuncio39-360x139.jpg 360w\" sizes=\"auto, (max-width: 2560px) 100vw, 2560px\" \/><\/p>\n","protected":false},"excerpt":{"rendered":"<p>Respirador A ci\u00eancia brasileira esta na UTI e vai sucumbir se n\u00e3o tiver os recursos do FNDCT, o principal fundo de fomento cient\u00edfico que poderia injetar mais de R$ 7 bilh\u00f5es em pesquisa e inova\u00e7\u00e3o ainda neste ano. A opini\u00e3o \u00e9 do Coordenador do Centro de Estudos Estrat\u00e9gicos da Fiocruz, o economista Carlos Gadelha. Closet [&hellip;]<\/p>\n","protected":false},"author":253,"featured_media":184751,"comment_status":"closed","ping_status":"closed","sticky":false,"template":"","format":"standard","meta":{"footnotes":""},"categories":[264],"tags":[],"class_list":["post-184759","post","type-post","status-publish","format-standard","has-post-thumbnail","hentry","category-eduardo-gomes"],"_links":{"self":[{"href":"https:\/\/diarioregionaldigital.com.br\/index.php?rest_route=\/wp\/v2\/posts\/184759","targetHints":{"allow":["GET"]}}],"collection":[{"href":"https:\/\/diarioregionaldigital.com.br\/index.php?rest_route=\/wp\/v2\/posts"}],"about":[{"href":"https:\/\/diarioregionaldigital.com.br\/index.php?rest_route=\/wp\/v2\/types\/post"}],"author":[{"embeddable":true,"href":"https:\/\/diarioregionaldigital.com.br\/index.php?rest_route=\/wp\/v2\/users\/253"}],"replies":[{"embeddable":true,"href":"https:\/\/diarioregionaldigital.com.br\/index.php?rest_route=%2Fwp%2Fv2%2Fcomments&post=184759"}],"version-history":[{"count":2,"href":"https:\/\/diarioregionaldigital.com.br\/index.php?rest_route=\/wp\/v2\/posts\/184759\/revisions"}],"predecessor-version":[{"id":184761,"href":"https:\/\/diarioregionaldigital.com.br\/index.php?rest_route=\/wp\/v2\/posts\/184759\/revisions\/184761"}],"wp:featuredmedia":[{"embeddable":true,"href":"https:\/\/diarioregionaldigital.com.br\/index.php?rest_route=\/wp\/v2\/media\/184751"}],"wp:attachment":[{"href":"https:\/\/diarioregionaldigital.com.br\/index.php?rest_route=%2Fwp%2Fv2%2Fmedia&parent=184759"}],"wp:term":[{"taxonomy":"category","embeddable":true,"href":"https:\/\/diarioregionaldigital.com.br\/index.php?rest_route=%2Fwp%2Fv2%2Fcategories&post=184759"},{"taxonomy":"post_tag","embeddable":true,"href":"https:\/\/diarioregionaldigital.com.br\/index.php?rest_route=%2Fwp%2Fv2%2Ftags&post=184759"}],"curies":[{"name":"wp","href":"https:\/\/api.w.org\/{rel}","templated":true}]}}