{"id":184744,"date":"2021-07-01T22:17:03","date_gmt":"2021-07-02T01:17:03","guid":{"rendered":"https:\/\/diarioregionaldigital.com.br\/?p=184744"},"modified":"2021-07-01T22:17:03","modified_gmt":"2021-07-02T01:17:03","slug":"estado-registra-217-novos-obitos-por-covid-19-nas-ultimas-24-horas","status":"publish","type":"post","link":"https:\/\/diarioregionaldigital.com.br\/?p=184744","title":{"rendered":"Estado registra 217 novos \u00f3bitos por Covid-19 nas \u00faltimas 24 horas"},"content":{"rendered":"<p>A Secretaria de Estado da Sa\u00fade de Minas Gerais (SES-MG), publicou nesta quinta-feira (01), o novo boletim referente ao Coronav\u00edrus. O levantamento aponta que o estado notificou mais 7.106 novos casos da doen\u00e7a, totalizando 1.810.854 pessoas infectadas. Os dados indicam que foram registradas mais\u00a0 217 mortes, contabilizando 46.459 \u00f3bitos.<\/p>\n<p>Al\u00e9m disso, 1.686.090\u00a0 pacientes est\u00e3o recuperados da doen\u00e7a, representando 93% dos casos. Quanto aos dados de hospitaliza\u00e7\u00e3o, 158.941 estiveram internados e 1.651.913 j\u00e1 fizeram isolamento domiciliar. At\u00e9 o momento, 7.172.044 pessoas receberam a primeira dose da vacina e 2.699.659 a segunda.<\/p>\n","protected":false},"excerpt":{"rendered":"<p>A Secretaria de Estado da Sa\u00fade de Minas Gerais (SES-MG), publicou nesta quinta-feira (01), o novo boletim referente ao Coronav\u00edrus. O levantamento aponta que o estado notificou mais 7.106 novos casos da doen\u00e7a, totalizando 1.810.854 pessoas infectadas. Os dados indicam que foram registradas mais\u00a0 217 mortes, contabilizando 46.459 \u00f3bitos. Al\u00e9m disso, 1.686.090\u00a0 pacientes est\u00e3o recuperados [&hellip;]<\/p>\n","protected":false},"author":246,"featured_media":184745,"comment_status":"closed","ping_status":"closed","sticky":false,"template":"","format":"standard","meta":{"footnotes":""},"categories":[252,439],"tags":[],"class_list":["post-184744","post","type-post","status-publish","format-standard","has-post-thumbnail","hentry","category-regiao","category-ultima-hora"],"_links":{"self":[{"href":"https:\/\/diarioregionaldigital.com.br\/index.php?rest_route=\/wp\/v2\/posts\/184744","targetHints":{"allow":["GET"]}}],"collection":[{"href":"https:\/\/diarioregionaldigital.com.br\/index.php?rest_route=\/wp\/v2\/posts"}],"about":[{"href":"https:\/\/diarioregionaldigital.com.br\/index.php?rest_route=\/wp\/v2\/types\/post"}],"author":[{"embeddable":true,"href":"https:\/\/diarioregionaldigital.com.br\/index.php?rest_route=\/wp\/v2\/users\/246"}],"replies":[{"embeddable":true,"href":"https:\/\/diarioregionaldigital.com.br\/index.php?rest_route=%2Fwp%2Fv2%2Fcomments&post=184744"}],"version-history":[{"count":1,"href":"https:\/\/diarioregionaldigital.com.br\/index.php?rest_route=\/wp\/v2\/posts\/184744\/revisions"}],"predecessor-version":[{"id":184746,"href":"https:\/\/diarioregionaldigital.com.br\/index.php?rest_route=\/wp\/v2\/posts\/184744\/revisions\/184746"}],"wp:featuredmedia":[{"embeddable":true,"href":"https:\/\/diarioregionaldigital.com.br\/index.php?rest_route=\/wp\/v2\/media\/184745"}],"wp:attachment":[{"href":"https:\/\/diarioregionaldigital.com.br\/index.php?rest_route=%2Fwp%2Fv2%2Fmedia&parent=184744"}],"wp:term":[{"taxonomy":"category","embeddable":true,"href":"https:\/\/diarioregionaldigital.com.br\/index.php?rest_route=%2Fwp%2Fv2%2Fcategories&post=184744"},{"taxonomy":"post_tag","embeddable":true,"href":"https:\/\/diarioregionaldigital.com.br\/index.php?rest_route=%2Fwp%2Fv2%2Ftags&post=184744"}],"curies":[{"name":"wp","href":"https:\/\/api.w.org\/{rel}","templated":true}]}}