{"id":184735,"date":"2021-07-01T20:22:21","date_gmt":"2021-07-01T23:22:21","guid":{"rendered":"https:\/\/diarioregionaldigital.com.br\/?p=184735"},"modified":"2021-07-01T20:22:21","modified_gmt":"2021-07-01T23:22:21","slug":"durante-as-proximas-semanas-a-pjf-tera-reunioes-com-catadores-de-materiais-reciclaveis","status":"publish","type":"post","link":"https:\/\/diarioregionaldigital.com.br\/?p=184735","title":{"rendered":"Durante as pr\u00f3ximas semanas a PJF ter\u00e1 reuni\u00f5es com catadores de materiais recicl\u00e1veis"},"content":{"rendered":"<p>A partir desta semana, a Prefeitura de Juiz de Fora (PJF) ir\u00e1 realizar encontros semanais para discutir melhorias na situa\u00e7\u00e3o dos catadores de materiais recicl\u00e1veis do munic\u00edpio. Segundo informa\u00e7\u00f5es do site da Prefeitura de Juiz de Fora,\u00a0 a primeira reuni\u00e3o foi realizada nesta quarta-feira, 30, com a participa\u00e7\u00e3o de tr\u00eas associa\u00e7\u00f5es: a Associa\u00e7\u00e3o Municipal dos Catadores de Papel, Papel\u00e3o e Materiais Reaproveit\u00e1veis de Juiz de Fora (Ascajuf); a Associa\u00e7\u00e3o dos Catadores de Pap\u00e9is e Res\u00edduos S\u00f3lidos de Juiz de Fora (Apares); e a Associa\u00e7\u00e3o De Catadores Aut\u00f4nomos Lixo Certo (Alicer).<\/p>\n<p>O objetivo \u00e9 ouvir as demandas das associa\u00e7\u00f5es, formular a\u00e7\u00f5es para os planos de coleta seletiva, discutir a pol\u00edtica de res\u00edduos s\u00f3lidos e apresentar propostas de melhorias das condi\u00e7\u00f5es de trabalho dos catadores.<\/p>\n<p>O di\u00e1logo com os catadores est\u00e1 sendo realizado pela secret\u00e1ria de Governo, Cidinha Louzada; pelo secret\u00e1rio Especial de Direitos Humanos, Biel Rocha; e pela diretora-geral do Departamento Municipal de Limpeza Urbana (Demlurb), Gisele Pereira Teixeira.<\/p>\n","protected":false},"excerpt":{"rendered":"<p>A partir desta semana, a Prefeitura de Juiz de Fora (PJF) ir\u00e1 realizar encontros semanais para discutir melhorias na situa\u00e7\u00e3o dos catadores de materiais recicl\u00e1veis do munic\u00edpio. Segundo informa\u00e7\u00f5es do site da Prefeitura de Juiz de Fora,\u00a0 a primeira reuni\u00e3o foi realizada nesta quarta-feira, 30, com a participa\u00e7\u00e3o de tr\u00eas associa\u00e7\u00f5es: a Associa\u00e7\u00e3o Municipal dos [&hellip;]<\/p>\n","protected":false},"author":246,"featured_media":184736,"comment_status":"closed","ping_status":"closed","sticky":false,"template":"","format":"standard","meta":{"footnotes":""},"categories":[253,436,439],"tags":[],"class_list":["post-184735","post","type-post","status-publish","format-standard","has-post-thumbnail","hentry","category-cidade","category-destaque-da-semana","category-ultima-hora"],"_links":{"self":[{"href":"https:\/\/diarioregionaldigital.com.br\/index.php?rest_route=\/wp\/v2\/posts\/184735","targetHints":{"allow":["GET"]}}],"collection":[{"href":"https:\/\/diarioregionaldigital.com.br\/index.php?rest_route=\/wp\/v2\/posts"}],"about":[{"href":"https:\/\/diarioregionaldigital.com.br\/index.php?rest_route=\/wp\/v2\/types\/post"}],"author":[{"embeddable":true,"href":"https:\/\/diarioregionaldigital.com.br\/index.php?rest_route=\/wp\/v2\/users\/246"}],"replies":[{"embeddable":true,"href":"https:\/\/diarioregionaldigital.com.br\/index.php?rest_route=%2Fwp%2Fv2%2Fcomments&post=184735"}],"version-history":[{"count":1,"href":"https:\/\/diarioregionaldigital.com.br\/index.php?rest_route=\/wp\/v2\/posts\/184735\/revisions"}],"predecessor-version":[{"id":184737,"href":"https:\/\/diarioregionaldigital.com.br\/index.php?rest_route=\/wp\/v2\/posts\/184735\/revisions\/184737"}],"wp:featuredmedia":[{"embeddable":true,"href":"https:\/\/diarioregionaldigital.com.br\/index.php?rest_route=\/wp\/v2\/media\/184736"}],"wp:attachment":[{"href":"https:\/\/diarioregionaldigital.com.br\/index.php?rest_route=%2Fwp%2Fv2%2Fmedia&parent=184735"}],"wp:term":[{"taxonomy":"category","embeddable":true,"href":"https:\/\/diarioregionaldigital.com.br\/index.php?rest_route=%2Fwp%2Fv2%2Fcategories&post=184735"},{"taxonomy":"post_tag","embeddable":true,"href":"https:\/\/diarioregionaldigital.com.br\/index.php?rest_route=%2Fwp%2Fv2%2Ftags&post=184735"}],"curies":[{"name":"wp","href":"https:\/\/api.w.org\/{rel}","templated":true}]}}