{"id":184732,"date":"2021-07-01T20:17:04","date_gmt":"2021-07-01T23:17:04","guid":{"rendered":"https:\/\/diarioregionaldigital.com.br\/?p=184732"},"modified":"2021-07-01T20:17:04","modified_gmt":"2021-07-01T23:17:04","slug":"balanco-do-1o-semestre-de-gestao-e-apresentado-pela-prefeita-margarida","status":"publish","type":"post","link":"https:\/\/diarioregionaldigital.com.br\/?p=184732","title":{"rendered":"Balan\u00e7o do 1\u00ba semestre de gest\u00e3o \u00e9 apresentado pela Prefeita Margarida"},"content":{"rendered":"<p>Nesta quinta-feira, dia 1\u00ba,\u00a0 a prefeita de Juiz de Fora, Margarida Salom\u00e3o, acompanhada de suas secret\u00e1rias e seus secret\u00e1rios, apresentou um balan\u00e7o dos seis primeiros meses da gest\u00e3o municipal (2021-2024), em coletiva de imprensa. O evento aconteceu \u00e0s 11h, no Ritz Hotel, no Centro. Segundo informa\u00e7\u00f5es do site da Prefeitura de Juiz de Fora, a prefeita destacou as a\u00e7\u00f5es promovidas para a organiza\u00e7\u00e3o de projetos voltados para a retomada de desenvolvimento da cidade ao longo do semestre, apontando, desde os desafios iniciais, com as fortes chuvas e a pandemia, at\u00e9 a expectativa de vacina\u00e7\u00e3o de toda a popula\u00e7\u00e3o juiz-forana at\u00e9 o fim do m\u00eas de setembro deste ano.<\/p>\n<p>&#8220;Com um quadro inaugural de pandemia, nossa gest\u00e3o teve de enfrentar, desde o primeiro dia, uma realidade de crise econ\u00f4mica e social agravadas com forte a demanda para os servi\u00e7os de sa\u00fade e restri\u00e7\u00f5es na conviv\u00eancia social da cidade. Havia a necessidade, ainda, de retomar servi\u00e7os de zeladoria, rever contratos e ampliar a execu\u00e7\u00e3o de programas de investimento, al\u00e9m de rever pontos como a quest\u00e3o do transporte coletivo municipal&#8221;, contextualizou a prefeita.<\/p>\n<p><b>Arruma\u00e7\u00e3o da casa<\/b><\/p>\n<p>Margarida destacou o esfor\u00e7o, mesmo com os desafios impostos em sua posse em 1\u00ba de janeiro, para articular as demandas em diversas frentes de trabalho, marcadas, sobretudo, pela participa\u00e7\u00e3o popular, pela transpar\u00eancia e pelo di\u00e1logo. Desta forma, apresentou programas, projetou cen\u00e1rios, refor\u00e7ando o car\u00e1ter plural e inclusivo de sua gest\u00e3o administrativa.<\/p>\n<p>&#8220;Foram retomadas diversas obras que estavam paradas, como as de despolui\u00e7\u00e3o do rio Paraibuna, com dinheiro que estava parado. Ontem [quarta-feira, dia 30], por exemplo, inauguramos um abrigo que acolheu 26 pessoas que dormiriam nas ruas nesta noite, a mais fria at\u00e9 agora. Estamos trabalhando a dignidade para todos, inclusive para os mais vulner\u00e1veis e em situa\u00e7\u00e3o de rua.<\/p>\n<p><b>Sa\u00fade<\/b><\/p>\n<p>A chefe do Executivo municipal explicou sobre o empenho coletivo, principalmente no que tange \u00e0 vacina, ressaltando a import\u00e2ncia coletiva para a execu\u00e7\u00e3o de transporte, log\u00edstica e aplica\u00e7\u00e3o. &#8221;<\/p>\n<p>Na nossa gest\u00e3o, quase dobramos os leitos de UTI. Recuperamos equipamentos p\u00fablicos e privados de sa\u00fade e tudo isso passa tamb\u00e9m por uma vacina\u00e7\u00e3o r\u00e1pida e eficiente. Chegamos na marca de 55% pessoas com a primeira dose e quase 25% com as duas doses. Foram mais de 334 mil vacinas aplicadas no total contra o coronav\u00edrus. Tem sido um esfor\u00e7o admir\u00e1vel para que possamos ter, se continuarmos neste ritmo, at\u00e9 o fim de setembro, toda a popula\u00e7\u00e3o vacinada com as duas doses. Acredito que em outubro, Juiz de Fora entre em sua melhor primavera&#8221;.<\/p>\n<p><b>Transporte<\/b><\/p>\n<p>Houve, ainda, a revis\u00e3o da ordena\u00e7\u00e3o de t\u00e1xis e a cria\u00e7\u00e3o da Mesa de Di\u00e1logo do Trasporte Coletivo. &#8220;Conseguimos manter o pre\u00e7o da tarifa do transporte p\u00fablico para garantir o acesso da popula\u00e7\u00e3o com extrema transpar\u00eancia do sistema. O transporte p\u00fablico da cidade n\u00e3o foi interrompido em nenhum momento.&#8221;<\/p>\n<p><b>Desenvolvimento e inova\u00e7\u00e3o<\/b><\/p>\n<p>A prefeita destacou o pioneirismo de Juiz de Fora ao longo da Hist\u00f3ria e reafirmou o motivo de orgulho que esse passado proporciona. No entanto, apontou a necessidade de olhar adiante, tendo em vista o forte potencial log\u00edstico e humano que o munic\u00edpio possui. &#8220;Somos conhecidos por ter a primeira usina hidrel\u00e9trica da Am\u00e9rica Latina; um presidente da rep\u00fablica. S\u00e3o v\u00e1rios os motivos para nos orgulharmos da nossa cidade, mas precisamos trabalhar para sermos conhecidos em todo o pa\u00eds como refer\u00eancia, pois temos infraestrutura e disposi\u00e7\u00e3o para isso&#8221;, avaliou.<\/p>\n<p><b>Desafios<\/b><\/p>\n<p>Para responder aos diversos desafios, a Prefeitura se baseou no di\u00e1logo com todos os setores da sociedade, institucionalizando uma pol\u00edtca p\u00fablica na representa\u00e7\u00e3o da Mesa de Di\u00e1logo e Resolu\u00e7\u00e3o de Conflitos, enfrentando os problemas atrav\u00e9s da coordena\u00e7\u00e3o de a\u00e7\u00f5es entre as Secretarias. Foram priorizados investimentos no campo da sa\u00fade e na \u00e1rea social, revisando e ajustando os or\u00e7amentos da cidade.<\/p>\n<p>Nestes seis meses de gest\u00e3o, foram elaborados programas como o Juiz de Fora Solid\u00e1ria, para doa\u00e7\u00e3o de alimentos por meio da Mesa da Cidadania; o Opera\u00e7\u00e3o Boniteza, para limpeza, zeladoria e cuidado em bairros da cidade; o lan\u00e7amento do PPA popular, instrumento para o estabelecimento de metas, gastos e objetivos a serem seguidos pelo governo com participa\u00e7\u00e3o popular direta.<\/p>\n<p>Os principais programas elaborados pela PJF podem ser conferidos no PDF em documento anexado.<\/p>\n","protected":false},"excerpt":{"rendered":"<p>Nesta quinta-feira, dia 1\u00ba,\u00a0 a prefeita de Juiz de Fora, Margarida Salom\u00e3o, acompanhada de suas secret\u00e1rias e seus secret\u00e1rios, apresentou um balan\u00e7o dos seis primeiros meses da gest\u00e3o municipal (2021-2024), em coletiva de imprensa. O evento aconteceu \u00e0s 11h, no Ritz Hotel, no Centro. Segundo informa\u00e7\u00f5es do site da Prefeitura de Juiz de Fora, a [&hellip;]<\/p>\n","protected":false},"author":246,"featured_media":184733,"comment_status":"closed","ping_status":"closed","sticky":false,"template":"","format":"standard","meta":{"footnotes":""},"categories":[253,440,439],"tags":[],"class_list":["post-184732","post","type-post","status-publish","format-standard","has-post-thumbnail","hentry","category-cidade","category-destaques-do-dia","category-ultima-hora"],"_links":{"self":[{"href":"https:\/\/diarioregionaldigital.com.br\/index.php?rest_route=\/wp\/v2\/posts\/184732","targetHints":{"allow":["GET"]}}],"collection":[{"href":"https:\/\/diarioregionaldigital.com.br\/index.php?rest_route=\/wp\/v2\/posts"}],"about":[{"href":"https:\/\/diarioregionaldigital.com.br\/index.php?rest_route=\/wp\/v2\/types\/post"}],"author":[{"embeddable":true,"href":"https:\/\/diarioregionaldigital.com.br\/index.php?rest_route=\/wp\/v2\/users\/246"}],"replies":[{"embeddable":true,"href":"https:\/\/diarioregionaldigital.com.br\/index.php?rest_route=%2Fwp%2Fv2%2Fcomments&post=184732"}],"version-history":[{"count":1,"href":"https:\/\/diarioregionaldigital.com.br\/index.php?rest_route=\/wp\/v2\/posts\/184732\/revisions"}],"predecessor-version":[{"id":184734,"href":"https:\/\/diarioregionaldigital.com.br\/index.php?rest_route=\/wp\/v2\/posts\/184732\/revisions\/184734"}],"wp:featuredmedia":[{"embeddable":true,"href":"https:\/\/diarioregionaldigital.com.br\/index.php?rest_route=\/wp\/v2\/media\/184733"}],"wp:attachment":[{"href":"https:\/\/diarioregionaldigital.com.br\/index.php?rest_route=%2Fwp%2Fv2%2Fmedia&parent=184732"}],"wp:term":[{"taxonomy":"category","embeddable":true,"href":"https:\/\/diarioregionaldigital.com.br\/index.php?rest_route=%2Fwp%2Fv2%2Fcategories&post=184732"},{"taxonomy":"post_tag","embeddable":true,"href":"https:\/\/diarioregionaldigital.com.br\/index.php?rest_route=%2Fwp%2Fv2%2Ftags&post=184732"}],"curies":[{"name":"wp","href":"https:\/\/api.w.org\/{rel}","templated":true}]}}