{"id":184726,"date":"2021-07-01T19:57:41","date_gmt":"2021-07-01T22:57:41","guid":{"rendered":"https:\/\/diarioregionaldigital.com.br\/?p=184726"},"modified":"2021-07-01T19:57:41","modified_gmt":"2021-07-01T22:57:41","slug":"ginastica-divulga-lista-para-toquio-com-100-de-integrantes-do-bolsa-atleta","status":"publish","type":"post","link":"https:\/\/diarioregionaldigital.com.br\/?p=184726","title":{"rendered":"Gin\u00e1stica divulga lista para T\u00f3quio com 100% de integrantes do Bolsa Atleta"},"content":{"rendered":"<p>A Confedera\u00e7\u00e3o Brasileira de Gin\u00e1stica divulgou, nesta quarta-feira (30.06), a lista dos atletas que v\u00e3o representar o Brasil na modalidade nos Jogos Ol\u00edmpicos de T\u00f3quio, no Jap\u00e3o. A equipe masculina ser\u00e1 composta pelo campe\u00e3o mundial da barra, Arthur Nory, al\u00e9m de Caio Souza, Diogo Soares e Francisco Barreto Jr.<\/p>\n<p>Dono de duas medalhas ol\u00edmpicas (ouro em Londres 2012 e prata na Rio 2016), Arthur Zanetti vai competir no individual e tem boas chances de brigar por um novo p\u00f3dio nas argolas. No feminino, Flavia Saraiva e Rebeca Andrade s\u00e3o as representantes, ambas com hist\u00f3rico de frequentar finais e de conquistar medalhas em competi\u00e7\u00f5es do circuito internacional.<\/p>\n<p>Os sete s\u00e3o integrantes do Bolsa Atleta, programa de patroc\u00ednio individual do Governo Federal Brasileiro. Diogo Soares, ca\u00e7ula da delega\u00e7\u00e3o, com 19 anos, pertence \u00e0 categoria Internacional. Os outros seis est\u00e3o na categoria P\u00f3dio, a principal do programa executado pela Secretaria Especial do Esporte do Minist\u00e9rio da Cidadania.<\/p>\n<p>\u201cNenhum processo seletivo \u00e9 f\u00e1cil. Apesar de termos crit\u00e9rios definidos desde o in\u00edcio, chegar \u00e0 composi\u00e7\u00e3o final \u00e9 sempre um desafio. A comiss\u00e3o t\u00e9cnica avaliou os resultados em competi\u00e7\u00f5es, potencial de resultado, contribui\u00e7\u00e3o para a equipe, const\u00e2ncia e assertividade, an\u00e1lise de performance, evolu\u00e7\u00e3o t\u00e9cnica, disciplina e condi\u00e7\u00e3o f\u00edsica\u201d, listou Marcos Goto, coordenador da sele\u00e7\u00e3o de gin\u00e1stica art\u00edstica masculina.<\/p>\n<p>\u201cConseguimos alcan\u00e7ar o objetivo de levar uma equipe e um atleta adicional para mantermos uma equipe competitiva e seguir com o trabalho de especialista. Assim, a equipe ser\u00e1 formada pelos atletas Arthur Nory, Caio Souza, Diogo Soares e Francisco Barreto. Na vaga adicional teremos Arthur Zanetti\u201d, afirmou o coordenador. \u201cO trabalho contou com a contribui\u00e7\u00e3o de muitos atletas e treinadores. Temos a certeza de que a gin\u00e1stica brasileira ser\u00e1 bem representada&#8221;.<\/p>\n<p><strong>Potencial feminino<\/strong><\/p>\n<p>Na gin\u00e1stica art\u00edstica feminina, o Brasil conquistou duas vagas nominais. Uma com Fl\u00e1via Saraiva, no Mundial de Stuttgart, de 2019, e outra com Rebeca Andrade, campe\u00e3 do individual geral no Campeonato Pan-Americano disputado em maio no Rio de Janeiro. A equipe segue fazendo a reta final de treinamentos em Doha, no Catar.<\/p>\n<p>\u201cA Flavia teve totais m\u00e9ritos: mentais, f\u00edsicos, t\u00e9cnicos. Acho que o Mundial foi a melhor competi\u00e7\u00e3o dela no individual geral\u201d, diz o treinador. \u201cAqui em Doha, estamos trabalhando bastante, com \u00f3timas condi\u00e7\u00f5es de treino, com o gin\u00e1sio a nossa disposi\u00e7\u00e3o, podendo montar os hor\u00e1rios. Vamos fazer v\u00e1rias avalia\u00e7\u00f5es simulando competi\u00e7\u00f5es\u201d, disse Francisco Porath Neto, um dos treinadores da sele\u00e7\u00e3o feminina.<\/p>\n<p>Rebeca Andrade, na avalia\u00e7\u00e3o de Porath, mostrou qualidades no Pan-Americano do Rio. \u201cNo Pan, ela mostrou que est\u00e1 muito forte e confiante para executar os exerc\u00edcios com pot\u00eancia e precis\u00e3o. Conseguiu um somat\u00f3rio bom no individual geral, e agora \u00e9 acertar detalhes\u201d.<\/p>\n<p><strong>T\u00f3quio logo ali<\/strong><\/p>\n<p>No sorteio realizado pela Federa\u00e7\u00e3o Internacional de Gin\u00e1stica (FIG), a equipe masculina caiu na Subdivis\u00e3o 2, ao lado de Su\u00ed\u00e7a, Gr\u00e3-Bretanha, Jap\u00e3o e de dois grupos mistos. A equipe vai estrear nos Jogos Ol\u00edmpicos no dia 24 de julho, a partir das 2h30 (de Bras\u00edlia).<\/p>\n<p>J\u00e1 Flavia Saraiva e Rebeca Andrade far\u00e3o parte do grupo misto 2, ao lado de ginastas do Egito, Su\u00e9cia e Belarus. As brasileiras ca\u00edram na Subdivis\u00e3o 5, com Alemanha, B\u00e9lgica e as atletas do grupo misto.<\/p>\n<p>As competi\u00e7\u00f5es da gin\u00e1stica art\u00edstica seguem at\u00e9 3 de agosto, sempre no Centro de Gin\u00e1stica de Ariake, uma arena tempor\u00e1ria constru\u00edda para os Jogos com capacidade para 12 mil espectadores. Em fun\u00e7\u00e3o da pandemia, contudo, a presen\u00e7a de p\u00fablico ser\u00e1 restrita a torcedores japoneses e a capacidade dos gin\u00e1sios ser\u00e1 restrita.<\/p>\n<p class=\"callout\"><strong>CONVOCADOS<\/strong><\/p>\n<p class=\"callout\"><strong>MASCULINO<\/strong><\/p>\n<p class=\"callout\"><strong>Equipe<\/strong><br \/>\nArthur Nory<br \/>\nCaio Souza<br \/>\nDiogo Soares<br \/>\nFrancisco Barreto<\/p>\n<p class=\"callout\"><strong>Individual\u00a0<\/strong><br \/>\nArthur Zanetti<\/p>\n<p class=\"callout\"><strong>FEMININO<\/strong><\/p>\n<p class=\"callout\"><strong>Individual<\/strong><br \/>\nFl\u00e1via Saraiva<br \/>\nRebeca Andrade<\/p>\n<p>Fonte: Confedera\u00e7\u00e3o Brasileira de Gin\u00e1stica<\/p>\n","protected":false},"excerpt":{"rendered":"<p>A Confedera\u00e7\u00e3o Brasileira de Gin\u00e1stica divulgou, nesta quarta-feira (30.06), a lista dos atletas que v\u00e3o representar o Brasil na modalidade nos Jogos Ol\u00edmpicos de T\u00f3quio, no Jap\u00e3o. A equipe masculina ser\u00e1 composta pelo campe\u00e3o mundial da barra, Arthur Nory, al\u00e9m de Caio Souza, Diogo Soares e Francisco Barreto Jr. Dono de duas medalhas ol\u00edmpicas (ouro [&hellip;]<\/p>\n","protected":false},"author":246,"featured_media":184727,"comment_status":"closed","ping_status":"closed","sticky":false,"template":"","format":"standard","meta":{"footnotes":""},"categories":[436,257,439],"tags":[],"class_list":["post-184726","post","type-post","status-publish","format-standard","has-post-thumbnail","hentry","category-destaque-da-semana","category-esporte","category-ultima-hora"],"_links":{"self":[{"href":"https:\/\/diarioregionaldigital.com.br\/index.php?rest_route=\/wp\/v2\/posts\/184726","targetHints":{"allow":["GET"]}}],"collection":[{"href":"https:\/\/diarioregionaldigital.com.br\/index.php?rest_route=\/wp\/v2\/posts"}],"about":[{"href":"https:\/\/diarioregionaldigital.com.br\/index.php?rest_route=\/wp\/v2\/types\/post"}],"author":[{"embeddable":true,"href":"https:\/\/diarioregionaldigital.com.br\/index.php?rest_route=\/wp\/v2\/users\/246"}],"replies":[{"embeddable":true,"href":"https:\/\/diarioregionaldigital.com.br\/index.php?rest_route=%2Fwp%2Fv2%2Fcomments&post=184726"}],"version-history":[{"count":1,"href":"https:\/\/diarioregionaldigital.com.br\/index.php?rest_route=\/wp\/v2\/posts\/184726\/revisions"}],"predecessor-version":[{"id":184728,"href":"https:\/\/diarioregionaldigital.com.br\/index.php?rest_route=\/wp\/v2\/posts\/184726\/revisions\/184728"}],"wp:featuredmedia":[{"embeddable":true,"href":"https:\/\/diarioregionaldigital.com.br\/index.php?rest_route=\/wp\/v2\/media\/184727"}],"wp:attachment":[{"href":"https:\/\/diarioregionaldigital.com.br\/index.php?rest_route=%2Fwp%2Fv2%2Fmedia&parent=184726"}],"wp:term":[{"taxonomy":"category","embeddable":true,"href":"https:\/\/diarioregionaldigital.com.br\/index.php?rest_route=%2Fwp%2Fv2%2Fcategories&post=184726"},{"taxonomy":"post_tag","embeddable":true,"href":"https:\/\/diarioregionaldigital.com.br\/index.php?rest_route=%2Fwp%2Fv2%2Ftags&post=184726"}],"curies":[{"name":"wp","href":"https:\/\/api.w.org\/{rel}","templated":true}]}}